{"id":16442,"date":"2017-03-23T20:44:27","date_gmt":"2017-03-23T23:44:27","guid":{"rendered":"https:\/\/eldiariodesanpedro.com.ar\/sitio\/?p=16442"},"modified":"2026-01-24T00:30:43","modified_gmt":"2026-01-24T03:30:43","slug":"padel-se-jugo-el-interclubes-en-san-nicolas","status":"publish","type":"post","link":"https:\/\/eldiariodesanpedro.com.ar\/sitio\/padel-se-jugo-el-interclubes-en-san-nicolas\/","title":{"rendered":"P\u00c1DEL: Se jug\u00f3 el Interclubes en San Nicol\u00e1s"},"content":{"rendered":"<p><!-- VideographyWP Plugin Message: Automatic video embedding prevented by plugin options. --><br \/>\n   Una verdadera fiesta del p\u00e1del se vivi\u00f3 en la 10\u00ba edici\u00f3n del Interclubes San Nicol\u00e1s; sin lugar a dudas, uno de los eventos mas importantes de la zona, con la participaci\u00f3n de 11 clubes y alrededor de doscientos veinte jugadores, en el \u00fanico torneo que se juega por equipos.<\/p>\n<p>  Durante el d\u00eda viernes y en el primer turno del s\u00e1bado, se jugaron las zonas. El domingo, las finales. En el segundo turno se disputaron los cuartos, con algunos partidos dram\u00e1ticos, definidos en los \u00faltimos puntos, quedando eliminado ese d\u00eda Pescadores de San Pedro.<\/p>\n<p>  <em>El equipo de Pescadores en las diferentes categor\u00edas estuvo compuesto por:<\/em><\/p>\n<p><strong>  Damas <\/strong><br \/>\n7ma. Susana Obreg\u00f3n \/Miriam Cocchi<br \/>\n6ta. Anal\u00eda Sibilla\/Mar\u00eda Misterio<br \/>\n5ta. Vanesa \u00c1lvarez\/Daniela Regalia<\/p>\n<p><strong>  Caballeros<\/strong><br \/>\nVet. 5ta. Javier Iglesias\/ Marcos Sastre<br \/>\n6ta. Tom\u00e1s Ott\/Gabriel Rodr\u00edguez<br \/>\n5ta. Gast\u00f3n Garc\u00eda\/Nicol\u00e1s Bernardo<br \/>\n4ta. Miguel Bargaz\/Juan Albanese\/V\u00edctor Villarruel<br \/>\n3ra. Luis Biglieri\/Leonardo Venini<\/p>\n","protected":false},"excerpt":{"rendered":"<p>Una verdadera fiesta del p\u00e1del se vivi\u00f3 en la 10\u00ba edici\u00f3n del Interclubes San Nicol\u00e1s; sin lugar a dudas, uno de los eventos mas importantes de la zona, con la participaci\u00f3n de 11 clubes y alrededor de doscientos veinte jugadores, en el \u00fanico torneo que se juega por equipos. Durante el d\u00eda viernes y en [&hellip;]<\/p>\n","protected":false},"author":4,"featured_media":16184,"comment_status":"open","ping_status":"closed","sticky":false,"template":"","format":"standard","meta":{"om_disable_all_campaigns":false,"_jetpack_memberships_contains_paid_content":false,"footnotes":""},"categories":[5],"tags":[],"class_list":["post-16442","post","type-post","status-publish","format-standard","has-post-thumbnail","hentry","category-deportes"],"aioseo_notices":[],"gutentor_comment":0,"jetpack_featured_media_url":"https:\/\/eldiariodesanpedro.com.ar\/sitio\/wp-content\/uploads\/2017\/03\/padel.jpg","jetpack_shortlink":"https:\/\/wp.me\/p6RhLt-4hc","jetpack_sharing_enabled":true,"_links":{"self":[{"href":"https:\/\/eldiariodesanpedro.com.ar\/sitio\/wp-json\/wp\/v2\/posts\/16442","targetHints":{"allow":["GET"]}}],"collection":[{"href":"https:\/\/eldiariodesanpedro.com.ar\/sitio\/wp-json\/wp\/v2\/posts"}],"about":[{"href":"https:\/\/eldiariodesanpedro.com.ar\/sitio\/wp-json\/wp\/v2\/types\/post"}],"author":[{"embeddable":true,"href":"https:\/\/eldiariodesanpedro.com.ar\/sitio\/wp-json\/wp\/v2\/users\/4"}],"replies":[{"embeddable":true,"href":"https:\/\/eldiariodesanpedro.com.ar\/sitio\/wp-json\/wp\/v2\/comments?post=16442"}],"version-history":[{"count":1,"href":"https:\/\/eldiariodesanpedro.com.ar\/sitio\/wp-json\/wp\/v2\/posts\/16442\/revisions"}],"predecessor-version":[{"id":16445,"href":"https:\/\/eldiariodesanpedro.com.ar\/sitio\/wp-json\/wp\/v2\/posts\/16442\/revisions\/16445"}],"wp:featuredmedia":[{"embeddable":true,"href":"https:\/\/eldiariodesanpedro.com.ar\/sitio\/wp-json\/wp\/v2\/media\/16184"}],"wp:attachment":[{"href":"https:\/\/eldiariodesanpedro.com.ar\/sitio\/wp-json\/wp\/v2\/media?parent=16442"}],"wp:term":[{"taxonomy":"category","embeddable":true,"href":"https:\/\/eldiariodesanpedro.com.ar\/sitio\/wp-json\/wp\/v2\/categories?post=16442"},{"taxonomy":"post_tag","embeddable":true,"href":"https:\/\/eldiariodesanpedro.com.ar\/sitio\/wp-json\/wp\/v2\/tags?post=16442"}],"curies":[{"name":"wp","href":"https:\/\/api.w.org\/{rel}","templated":true}]}}