{"id":16440,"date":"2017-03-23T20:43:19","date_gmt":"2017-03-23T23:43:19","guid":{"rendered":"https:\/\/eldiariodesanpedro.com.ar\/sitio\/?p=16440"},"modified":"2026-01-24T00:30:43","modified_gmt":"2026-01-24T03:30:43","slug":"tba-2017-esta-abierta-la-inscripcion","status":"publish","type":"post","link":"https:\/\/eldiariodesanpedro.com.ar\/sitio\/tba-2017-esta-abierta-la-inscripcion\/","title":{"rendered":"TBA 2017: Est\u00e1 abierta la inscripci\u00f3n"},"content":{"rendered":"<p><!-- VideographyWP Plugin Message: Automatic video embedding prevented by plugin options. --><br \/>\n  La edici\u00f3n JUEGOS BA 2017 abri\u00f3 la inscripci\u00f3n hasta el viernes 14 de abril. Tanto deporte como cultura, en sus tres \u00e1reas: Juveniles, Abuelos y Especial. <\/p>\n<p>  Aqu\u00e9llos que deseen inscribirse en Deporte, deben realizar la inscripci\u00f3n correspondiente, concurriendo a la Direcci\u00f3n de Deportes ubicada en el Estadio Municipal.  <\/p>\n","protected":false},"excerpt":{"rendered":"<p>La edici\u00f3n JUEGOS BA 2017 abri\u00f3 la inscripci\u00f3n hasta el viernes 14 de abril. Tanto deporte como cultura, en sus tres \u00e1reas: Juveniles, Abuelos y Especial. Aqu\u00e9llos que deseen inscribirse en Deporte, deben realizar la inscripci\u00f3n correspondiente, concurriendo a la Direcci\u00f3n de Deportes ubicada en el Estadio Municipal.<\/p>\n","protected":false},"author":4,"featured_media":16441,"comment_status":"open","ping_status":"closed","sticky":false,"template":"","format":"standard","meta":{"om_disable_all_campaigns":false,"_jetpack_memberships_contains_paid_content":false,"footnotes":""},"categories":[5],"tags":[],"class_list":["post-16440","post","type-post","status-publish","format-standard","has-post-thumbnail","hentry","category-deportes"],"aioseo_notices":[],"gutentor_comment":0,"jetpack_featured_media_url":"https:\/\/eldiariodesanpedro.com.ar\/sitio\/wp-content\/uploads\/2017\/03\/Juegos-Bonaerenses-2017.jpg","jetpack_shortlink":"https:\/\/wp.me\/p6RhLt-4ha","jetpack_sharing_enabled":true,"_links":{"self":[{"href":"https:\/\/eldiariodesanpedro.com.ar\/sitio\/wp-json\/wp\/v2\/posts\/16440","targetHints":{"allow":["GET"]}}],"collection":[{"href":"https:\/\/eldiariodesanpedro.com.ar\/sitio\/wp-json\/wp\/v2\/posts"}],"about":[{"href":"https:\/\/eldiariodesanpedro.com.ar\/sitio\/wp-json\/wp\/v2\/types\/post"}],"author":[{"embeddable":true,"href":"https:\/\/eldiariodesanpedro.com.ar\/sitio\/wp-json\/wp\/v2\/users\/4"}],"replies":[{"embeddable":true,"href":"https:\/\/eldiariodesanpedro.com.ar\/sitio\/wp-json\/wp\/v2\/comments?post=16440"}],"version-history":[{"count":1,"href":"https:\/\/eldiariodesanpedro.com.ar\/sitio\/wp-json\/wp\/v2\/posts\/16440\/revisions"}],"predecessor-version":[{"id":16443,"href":"https:\/\/eldiariodesanpedro.com.ar\/sitio\/wp-json\/wp\/v2\/posts\/16440\/revisions\/16443"}],"wp:featuredmedia":[{"embeddable":true,"href":"https:\/\/eldiariodesanpedro.com.ar\/sitio\/wp-json\/wp\/v2\/media\/16441"}],"wp:attachment":[{"href":"https:\/\/eldiariodesanpedro.com.ar\/sitio\/wp-json\/wp\/v2\/media?parent=16440"}],"wp:term":[{"taxonomy":"category","embeddable":true,"href":"https:\/\/eldiariodesanpedro.com.ar\/sitio\/wp-json\/wp\/v2\/categories?post=16440"},{"taxonomy":"post_tag","embeddable":true,"href":"https:\/\/eldiariodesanpedro.com.ar\/sitio\/wp-json\/wp\/v2\/tags?post=16440"}],"curies":[{"name":"wp","href":"https:\/\/api.w.org\/{rel}","templated":true}]}}