{"id":16437,"date":"2017-03-23T18:24:43","date_gmt":"2017-03-23T21:24:43","guid":{"rendered":"https:\/\/eldiariodesanpedro.com.ar\/sitio\/?p=16437"},"modified":"2017-03-23T18:24:43","modified_gmt":"2017-03-23T21:24:43","slug":"destinan-agentes-de-la-policia-local-al-cementerio","status":"publish","type":"post","link":"https:\/\/eldiariodesanpedro.com.ar\/sitio\/destinan-agentes-de-la-policia-local-al-cementerio\/","title":{"rendered":"Destinan agentes de la Polic\u00eda Local al Cementerio"},"content":{"rendered":"<p><!-- VideographyWP Plugin Message: Automatic video embedding prevented by plugin options. --><br \/>\nPor disposici\u00f3n de la Secretar\u00eda de Seguridad P\u00fablica, esta semana agentes de la Polic\u00eda Local comenzaron a prestar servicio en el Cementerio de nuestra ciudad.<\/p>\n<p>A trav\u00e9s de un comunicado la municipalidad, comunic\u00f3 que la iniciativa tiene que como objetivo \u201ddar respuesta a los reclamos de la poblaci\u00f3n por los robos acontecidos en el lugar\u201d.<\/p>\n<p>En tanto que los uniformados prestar\u00e1n servicio todos los d\u00edas de la semana de 9.00 a 17.00.<\/p>\n","protected":false},"excerpt":{"rendered":"<p>Por disposici\u00f3n de la Secretar\u00eda de Seguridad P\u00fablica, esta semana agentes de la Polic\u00eda Local comenzaron a prestar servicio en el Cementerio de nuestra ciudad. A trav\u00e9s de un comunicado la municipalidad, comunic\u00f3 que la iniciativa tiene que como objetivo \u201ddar respuesta a los reclamos de la poblaci\u00f3n por los robos acontecidos en el lugar\u201d. [&hellip;]<\/p>\n","protected":false},"author":4,"featured_media":16438,"comment_status":"open","ping_status":"closed","sticky":false,"template":"","format":"standard","meta":{"om_disable_all_campaigns":false,"_jetpack_memberships_contains_paid_content":false,"footnotes":""},"categories":[50,2,103],"tags":[],"class_list":["post-16437","post","type-post","status-publish","format-standard","has-post-thumbnail","hentry","category-destacadas","category-locales","category-policiales-locales"],"aioseo_notices":[],"gutentor_comment":0,"jetpack_featured_media_url":"https:\/\/eldiariodesanpedro.com.ar\/sitio\/wp-content\/uploads\/2017\/03\/PAGINA-3-02.jpg","jetpack_shortlink":"https:\/\/wp.me\/p6RhLt-4h7","jetpack_sharing_enabled":true,"_links":{"self":[{"href":"https:\/\/eldiariodesanpedro.com.ar\/sitio\/wp-json\/wp\/v2\/posts\/16437","targetHints":{"allow":["GET"]}}],"collection":[{"href":"https:\/\/eldiariodesanpedro.com.ar\/sitio\/wp-json\/wp\/v2\/posts"}],"about":[{"href":"https:\/\/eldiariodesanpedro.com.ar\/sitio\/wp-json\/wp\/v2\/types\/post"}],"author":[{"embeddable":true,"href":"https:\/\/eldiariodesanpedro.com.ar\/sitio\/wp-json\/wp\/v2\/users\/4"}],"replies":[{"embeddable":true,"href":"https:\/\/eldiariodesanpedro.com.ar\/sitio\/wp-json\/wp\/v2\/comments?post=16437"}],"version-history":[{"count":1,"href":"https:\/\/eldiariodesanpedro.com.ar\/sitio\/wp-json\/wp\/v2\/posts\/16437\/revisions"}],"predecessor-version":[{"id":16439,"href":"https:\/\/eldiariodesanpedro.com.ar\/sitio\/wp-json\/wp\/v2\/posts\/16437\/revisions\/16439"}],"wp:featuredmedia":[{"embeddable":true,"href":"https:\/\/eldiariodesanpedro.com.ar\/sitio\/wp-json\/wp\/v2\/media\/16438"}],"wp:attachment":[{"href":"https:\/\/eldiariodesanpedro.com.ar\/sitio\/wp-json\/wp\/v2\/media?parent=16437"}],"wp:term":[{"taxonomy":"category","embeddable":true,"href":"https:\/\/eldiariodesanpedro.com.ar\/sitio\/wp-json\/wp\/v2\/categories?post=16437"},{"taxonomy":"post_tag","embeddable":true,"href":"https:\/\/eldiariodesanpedro.com.ar\/sitio\/wp-json\/wp\/v2\/tags?post=16437"}],"curies":[{"name":"wp","href":"https:\/\/api.w.org\/{rel}","templated":true}]}}