{"id":16394,"date":"2017-03-22T20:28:47","date_gmt":"2017-03-22T23:28:47","guid":{"rendered":"https:\/\/eldiariodesanpedro.com.ar\/sitio\/?p=16394"},"modified":"2026-01-24T00:30:43","modified_gmt":"2026-01-24T03:30:43","slug":"canotaje-nautico-en-el-primer-nivel-del-canotaje-nacional-brenda-rojas-tambien-clasificada","status":"publish","type":"post","link":"https:\/\/eldiariodesanpedro.com.ar\/sitio\/canotaje-nautico-en-el-primer-nivel-del-canotaje-nacional-brenda-rojas-tambien-clasificada\/","title":{"rendered":"CANOTAJE: N\u00e1utico en el primer nivel del canotaje nacional. Brenda Rojas tambi\u00e9n clasificada"},"content":{"rendered":"<p><!-- VideographyWP Plugin Message: Automatic video embedding prevented by plugin options. --><br \/>\n  Despu\u00e9s del Selectivo de Velocidad corrido este fin de semana en la Pista Nacional de Remo de Tigre, los representantes del Club N\u00e1utico San Pedro volvieron a ratificar su excelente rendimiento y la proyecci\u00f3n que mantienen en todas las categor\u00edas. <\/p>\n<p>  Tras tres d\u00edas intensos con regatas en 500 y 1000 metros, Gonzalo Carreras finaliz\u00f3 2\u00ba en las dos distancias y qued\u00f3 clasificado para las pr\u00f3ximas Copas del Mundo que se correr\u00e1n este a\u00f1o en Hungr\u00eda y Rep\u00fablica Checa. <\/p>\n<p>  Agostina Cappelletti tambi\u00e9n tuvo un desatacad\u00edsimo papel y con sus resultados qued\u00f3 dentro del equipo Senior que representar\u00e1 al pa\u00eds en el Sudamericano de Colombia y en una gira por Europa.<\/p>\n<p>  Melina S\u00e1nchez todav\u00eda en categor\u00eda cadetes, corri\u00f3 en Junior y obtuvo la clasificaci\u00f3n para ser parte del equipo que puede viajar a Colombia, pero en este caso deber\u00e1n buscarse apoyo econ\u00f3mico extra, porque la Secretar\u00eda de Deportes s\u00f3lo financia las categor\u00edas superiores.<\/p>\n<p>  Rebeca D&#8217;Estefano tambi\u00e9n se destac\u00f3 siendo la \u00fanica cadete de primer a\u00f1o que se ubic\u00f3 en la largada de categor\u00eda Junior, quedando una posici\u00f3n detr\u00e1s de Melina S\u00e1nchez y primera en el ranking del equipo, que ya se entrena pensando en los Juegos de la Juventud 2018, entre otros pr\u00f3ximos compromisos importantes.<\/p>\n<p>  Los varones de cadetes 1\u00ba y 2\u00ba a\u00f1o tambi\u00e9n cumplieron un enorme papel. Valent\u00edn Rossi fue 2\u00ba en la general, Lisandro Butti 6\u00ba y Tom\u00e1s P\u00e9rez 20\u00ba. De este modo dentro de su categor\u00eda los deportistas del Club clasificaron para el Sudamericano de Uruguay; y ocupan las posiciones 1\u00ba, 3\u00ba y 4\u00ba respectivamente para representar al pa\u00eds en esta categor\u00eda, en pr\u00f3ximas citas internacionales.<br \/>\n   Logr\u00f3 tambi\u00e9n el objetivo Brenda Rojas (Las Canaletas). Comparti\u00f3 este evento palista de Pescadores.<\/p>\n","protected":false},"excerpt":{"rendered":"<p>Despu\u00e9s del Selectivo de Velocidad corrido este fin de semana en la Pista Nacional de Remo de Tigre, los representantes del Club N\u00e1utico San Pedro volvieron a ratificar su excelente rendimiento y la proyecci\u00f3n que mantienen en todas las categor\u00edas. Tras tres d\u00edas intensos con regatas en 500 y 1000 metros, Gonzalo Carreras finaliz\u00f3 2\u00ba [&hellip;]<\/p>\n","protected":false},"author":4,"featured_media":15466,"comment_status":"open","ping_status":"closed","sticky":false,"template":"","format":"standard","meta":{"om_disable_all_campaigns":false,"_jetpack_memberships_contains_paid_content":false,"footnotes":""},"categories":[5],"tags":[],"class_list":["post-16394","post","type-post","status-publish","format-standard","has-post-thumbnail","hentry","category-deportes"],"aioseo_notices":[],"gutentor_comment":0,"jetpack_featured_media_url":"https:\/\/eldiariodesanpedro.com.ar\/sitio\/wp-content\/uploads\/2017\/03\/Canotaje.jpg","jetpack_shortlink":"https:\/\/wp.me\/p6RhLt-4gq","jetpack_sharing_enabled":true,"_links":{"self":[{"href":"https:\/\/eldiariodesanpedro.com.ar\/sitio\/wp-json\/wp\/v2\/posts\/16394","targetHints":{"allow":["GET"]}}],"collection":[{"href":"https:\/\/eldiariodesanpedro.com.ar\/sitio\/wp-json\/wp\/v2\/posts"}],"about":[{"href":"https:\/\/eldiariodesanpedro.com.ar\/sitio\/wp-json\/wp\/v2\/types\/post"}],"author":[{"embeddable":true,"href":"https:\/\/eldiariodesanpedro.com.ar\/sitio\/wp-json\/wp\/v2\/users\/4"}],"replies":[{"embeddable":true,"href":"https:\/\/eldiariodesanpedro.com.ar\/sitio\/wp-json\/wp\/v2\/comments?post=16394"}],"version-history":[{"count":1,"href":"https:\/\/eldiariodesanpedro.com.ar\/sitio\/wp-json\/wp\/v2\/posts\/16394\/revisions"}],"predecessor-version":[{"id":16404,"href":"https:\/\/eldiariodesanpedro.com.ar\/sitio\/wp-json\/wp\/v2\/posts\/16394\/revisions\/16404"}],"wp:featuredmedia":[{"embeddable":true,"href":"https:\/\/eldiariodesanpedro.com.ar\/sitio\/wp-json\/wp\/v2\/media\/15466"}],"wp:attachment":[{"href":"https:\/\/eldiariodesanpedro.com.ar\/sitio\/wp-json\/wp\/v2\/media?parent=16394"}],"wp:term":[{"taxonomy":"category","embeddable":true,"href":"https:\/\/eldiariodesanpedro.com.ar\/sitio\/wp-json\/wp\/v2\/categories?post=16394"},{"taxonomy":"post_tag","embeddable":true,"href":"https:\/\/eldiariodesanpedro.com.ar\/sitio\/wp-json\/wp\/v2\/tags?post=16394"}],"curies":[{"name":"wp","href":"https:\/\/api.w.org\/{rel}","templated":true}]}}