{"id":16390,"date":"2017-03-22T19:23:43","date_gmt":"2017-03-22T22:23:43","guid":{"rendered":"https:\/\/eldiariodesanpedro.com.ar\/sitio\/?p=16390"},"modified":"2017-03-22T19:23:43","modified_gmt":"2017-03-22T22:23:43","slug":"clausuraron-frigorifico-san-nicolas-por-irregularidades","status":"publish","type":"post","link":"https:\/\/eldiariodesanpedro.com.ar\/sitio\/clausuraron-frigorifico-san-nicolas-por-irregularidades\/","title":{"rendered":"Clausuraron frigor\u00edfico San Nicol\u00e1s por irregularidades"},"content":{"rendered":"<p><!-- VideographyWP Plugin Message: Automatic video embedding prevented by plugin options. --><br \/>\nEl Ministerio de Agroindustria a trav\u00e9s de la Subsecretar\u00eda de Control Comercial Agropecuario (SUCCA), realiz\u00f3 operativos en las provincias de C\u00f3rdoba, Misiones y Buenos Aires. Desde comienzos de este mes empez\u00f3 a funcionar el pago de Anticipos de IVA e Ingresos Brutos.<\/p>\n<p>El nuevo sistema instaurado por Resoluci\u00f3n Conjunta AFIP\/Ministerio de Agroindustria a partir del 1 de marzo, estableci\u00f3 el pago de Anticipos de IVA e Ingresos Brutos previos a la faena -quien no paga no faena, se desarrolla con toda normalidad.<\/p>\n<p>Paralelamente a su puesta en marcha, se han incrementado los operativos de fiscalizaci\u00f3n para quienes buscando ventajas recurren a pr\u00e1cticas desleales de comercializaci\u00f3n. En tal sentido se han realizado operativos en C\u00f3rdoba y Misiones en donde se han suspendido preventivamente dos establecimientos de faena y m\u00e1s recientemente, se realiz\u00f3 la clausura preventiva de plantas en San Nicol\u00e1s (San Nicol\u00e1s S.A. ex \u2013 Carsigom) y en Lomas de Zamora (Cooperativa de Trabajo \u201cLa Victoria\u201d).<\/p>\n<p>En estos casos se comprob\u00f3 irregularidades en los registros y faena de animales de origen incierto, alteraci\u00f3n de documentaci\u00f3n obligatoria y faena de animales livianos con medias reses de 50 Kg., correspondientes a animales de 200 Kg (Terneros) estando prohibida la faena de menos de 300 Kg.<\/p>\n<p>El Frigor\u00edfico San Nicol\u00e1s, ex Carsigom, qued\u00f3 en manos de un empresario sampedrino y comenz\u00f3 a operar en agosto de 2016 tras una serie de vicisitudes para los trabajadores que estuvieron un tiempo sin poder cobrar y con expectativas sobre su despegue con facilidades en la primera etapa de la faena.<\/p>\n<p>Se han detectado asimismo y a trav\u00e9s de requerimientos y fiscalizaci\u00f3n inteligente, en decenas de casos y operadores, facturaciones ap\u00f3crifas a CUITS inexistentes, que podr\u00e1n dar lugar a importantes multas una vez cumplidos los procedimientos y plazos garantizados por Ley y que ser\u00e1n debidamente puestas en conocimiento de la AFIP. (http:\/\/www.infocampo.com.ar)<\/p>\n","protected":false},"excerpt":{"rendered":"<p>El Ministerio de Agroindustria a trav\u00e9s de la Subsecretar\u00eda de Control Comercial Agropecuario (SUCCA), realiz\u00f3 operativos en las provincias de C\u00f3rdoba, Misiones y Buenos Aires. Desde comienzos de este mes empez\u00f3 a funcionar el pago de Anticipos de IVA e Ingresos Brutos. El nuevo sistema instaurado por Resoluci\u00f3n Conjunta AFIP\/Ministerio de Agroindustria a partir del [&hellip;]<\/p>\n","protected":false},"author":4,"featured_media":16391,"comment_status":"open","ping_status":"closed","sticky":false,"template":"","format":"standard","meta":{"om_disable_all_campaigns":false,"_jetpack_memberships_contains_paid_content":false,"footnotes":""},"categories":[621],"tags":[],"class_list":["post-16390","post","type-post","status-publish","format-standard","has-post-thumbnail","hentry","category-regionales"],"aioseo_notices":[],"gutentor_comment":0,"jetpack_featured_media_url":"https:\/\/eldiariodesanpedro.com.ar\/sitio\/wp-content\/uploads\/2017\/03\/frigorifico.jpg","jetpack_shortlink":"https:\/\/wp.me\/p6RhLt-4gm","jetpack_sharing_enabled":true,"_links":{"self":[{"href":"https:\/\/eldiariodesanpedro.com.ar\/sitio\/wp-json\/wp\/v2\/posts\/16390","targetHints":{"allow":["GET"]}}],"collection":[{"href":"https:\/\/eldiariodesanpedro.com.ar\/sitio\/wp-json\/wp\/v2\/posts"}],"about":[{"href":"https:\/\/eldiariodesanpedro.com.ar\/sitio\/wp-json\/wp\/v2\/types\/post"}],"author":[{"embeddable":true,"href":"https:\/\/eldiariodesanpedro.com.ar\/sitio\/wp-json\/wp\/v2\/users\/4"}],"replies":[{"embeddable":true,"href":"https:\/\/eldiariodesanpedro.com.ar\/sitio\/wp-json\/wp\/v2\/comments?post=16390"}],"version-history":[{"count":1,"href":"https:\/\/eldiariodesanpedro.com.ar\/sitio\/wp-json\/wp\/v2\/posts\/16390\/revisions"}],"predecessor-version":[{"id":16392,"href":"https:\/\/eldiariodesanpedro.com.ar\/sitio\/wp-json\/wp\/v2\/posts\/16390\/revisions\/16392"}],"wp:featuredmedia":[{"embeddable":true,"href":"https:\/\/eldiariodesanpedro.com.ar\/sitio\/wp-json\/wp\/v2\/media\/16391"}],"wp:attachment":[{"href":"https:\/\/eldiariodesanpedro.com.ar\/sitio\/wp-json\/wp\/v2\/media?parent=16390"}],"wp:term":[{"taxonomy":"category","embeddable":true,"href":"https:\/\/eldiariodesanpedro.com.ar\/sitio\/wp-json\/wp\/v2\/categories?post=16390"},{"taxonomy":"post_tag","embeddable":true,"href":"https:\/\/eldiariodesanpedro.com.ar\/sitio\/wp-json\/wp\/v2\/tags?post=16390"}],"curies":[{"name":"wp","href":"https:\/\/api.w.org\/{rel}","templated":true}]}}