{"id":16386,"date":"2017-03-22T19:21:16","date_gmt":"2017-03-22T22:21:16","guid":{"rendered":"https:\/\/eldiariodesanpedro.com.ar\/sitio\/?p=16386"},"modified":"2017-03-22T19:21:16","modified_gmt":"2017-03-22T22:21:16","slug":"baradero-a-siete-anos-de-la-muerte-de-giuliana-gimenez-y-miguel-portugal","status":"publish","type":"post","link":"https:\/\/eldiariodesanpedro.com.ar\/sitio\/baradero-a-siete-anos-de-la-muerte-de-giuliana-gimenez-y-miguel-portugal\/","title":{"rendered":"BARADERO: A siete a\u00f1os de la muerte de Giuliana Gim\u00e9nez y Miguel Portugal"},"content":{"rendered":"<p><!-- VideographyWP Plugin Message: Automatic video embedding prevented by plugin options. --><br \/>\nSe cumpli\u00f3 un nuevo aniversario de ese domingo negro, una nota recordando lo sucedido el 21 de marzo de 2010.<\/p>\n<p>Hace siete a\u00f1os Baradero vivi\u00f3 uno de los d\u00edas m\u00e1s tristes de su larga historia, como consecuencia de un accidente entre una camioneta de Inspecci\u00f3n de Transito Municipal y una moto, murieron los adolescentes Giuliana Gim\u00e9nez y Miguel Portugal. A ra\u00edz de esta tragedia un grupo de vecinos enardecidos incendiaron el edificio de la Municipalidad, el Registro Civil, el Juzgado de faltas, el Concejo Deliberante y varios veh\u00edculos.<\/p>\n<p>Todo comenz\u00f3 con la tragedia, provocada quiz\u00e1s por la presi\u00f3n que se ejerc\u00eda para el cumplimiento de las normas de transito que pasaron a ser una disputa m\u00e1s que una cuesti\u00f3n de educaci\u00f3n e infractores.<\/p>\n<p>A las siete de la ma\u00f1ana, en la esquina de Anchorena y Gallo, una camioneta de Inspecci\u00f3n de Transito chocaba con una moto en la que viajaban Miguel Portugal y Giuliana Gim\u00e9nez, debido a las heridas recibidas ambos j\u00f3venes murieron.<\/p>\n<p>Un grupo de vecinos quem\u00f3 la camioneta y luego se dirigieron hasta las escalinatas de la Municipalidad de Baradero, all\u00ed comenzaron los canticos, la quema de gomas, luego la rotura de vidrios y finalmente el incendio, la horda embravecida corr\u00eda de un lugar a otro rompiendo y prendiendo fuego todo lo que ten\u00edan por delante, mientras la gente observaba desde los alrededores el triste espect\u00e1culo.<br \/>\nLos medios nacionales se hicieron presentes y Baradero fue noticia, una triste noticia.<\/p>\n<p>El HCD de aquel momento, cre\u00f3 una comisi\u00f3n investigadora y estuvo a punto de separar del cargo de intendente Carossi por un lapso de 90 d\u00edas, pero en el momento de la votaci\u00f3n prim\u00f3 la operaci\u00f3n pol\u00edtica y el ex intendente sali\u00f3 a declamar que todo hab\u00eda sido culpa de una banda de delincuentes. Jam\u00e1s reconoci\u00f3 el clima de tensi\u00f3n que se ven\u00eda viviendo en la ciudad.<\/p>\n<p>La \u00fanica acci\u00f3n que tom\u00f3 fue separar al encargado del \u00e1rea Pablo Scarfoni, quien unos a\u00f1os despu\u00e9s volvi\u00f3 a ser funcionario y estuvo a cargo de Espacios Verdes hasta diciembre de 2015.<\/p>\n<p>La causa penal iniciada por los familiares de las v\u00edctimas, determin\u00f3 que se trat\u00f3 de un accidente y no hubo persecuci\u00f3n por parte de los inspectores que viajaban en la camioneta que mat\u00f3 a Giuliana y Miguel.<\/p>\n<p>Sobre la causa que inicio el Municipio por los destrozos, no se sabe muy bien que pas\u00f3. De la lista de imputados algunos de ellos fueron o son actualmente empleados municipales.<\/p>\n<p>A seis a\u00f1os de ese domingo negro, todav\u00eda no se pudo restaurar el hermoso edificio del Registro Civil ubicado en calle Santa Mar\u00eda de Oro, la fachada aun permanece tapialada como recuerdo de esa jornada.<\/p>\n<p>La sociedad baraderense mantiene hasta hoy diferentes puntos de vista sobre lo que pas\u00f3 el domingo 21 de marzo de 2010. Para algunos fue una banda de delincuentes y para otros una pueblada, la respuesta de una sociedad asfixiada por el abuso de autoridad. (Baradero Te Informa).<\/p>\n","protected":false},"excerpt":{"rendered":"<p>Se cumpli\u00f3 un nuevo aniversario de ese domingo negro, una nota recordando lo sucedido el 21 de marzo de 2010. Hace siete a\u00f1os Baradero vivi\u00f3 uno de los d\u00edas m\u00e1s tristes de su larga historia, como consecuencia de un accidente entre una camioneta de Inspecci\u00f3n de Transito Municipal y una moto, murieron los adolescentes Giuliana [&hellip;]<\/p>\n","protected":false},"author":4,"featured_media":16388,"comment_status":"open","ping_status":"closed","sticky":false,"template":"","format":"standard","meta":{"om_disable_all_campaigns":false,"_jetpack_memberships_contains_paid_content":false,"footnotes":""},"categories":[621],"tags":[],"class_list":["post-16386","post","type-post","status-publish","format-standard","has-post-thumbnail","hentry","category-regionales"],"aioseo_notices":[],"gutentor_comment":0,"jetpack_featured_media_url":"https:\/\/eldiariodesanpedro.com.ar\/sitio\/wp-content\/uploads\/2017\/03\/Giuliana-Gim\u00e9nez-y-Miguel-Portugal-los-jovenes-fallecidos.jpg","jetpack_shortlink":"https:\/\/wp.me\/p6RhLt-4gi","jetpack_sharing_enabled":true,"_links":{"self":[{"href":"https:\/\/eldiariodesanpedro.com.ar\/sitio\/wp-json\/wp\/v2\/posts\/16386","targetHints":{"allow":["GET"]}}],"collection":[{"href":"https:\/\/eldiariodesanpedro.com.ar\/sitio\/wp-json\/wp\/v2\/posts"}],"about":[{"href":"https:\/\/eldiariodesanpedro.com.ar\/sitio\/wp-json\/wp\/v2\/types\/post"}],"author":[{"embeddable":true,"href":"https:\/\/eldiariodesanpedro.com.ar\/sitio\/wp-json\/wp\/v2\/users\/4"}],"replies":[{"embeddable":true,"href":"https:\/\/eldiariodesanpedro.com.ar\/sitio\/wp-json\/wp\/v2\/comments?post=16386"}],"version-history":[{"count":1,"href":"https:\/\/eldiariodesanpedro.com.ar\/sitio\/wp-json\/wp\/v2\/posts\/16386\/revisions"}],"predecessor-version":[{"id":16389,"href":"https:\/\/eldiariodesanpedro.com.ar\/sitio\/wp-json\/wp\/v2\/posts\/16386\/revisions\/16389"}],"wp:featuredmedia":[{"embeddable":true,"href":"https:\/\/eldiariodesanpedro.com.ar\/sitio\/wp-json\/wp\/v2\/media\/16388"}],"wp:attachment":[{"href":"https:\/\/eldiariodesanpedro.com.ar\/sitio\/wp-json\/wp\/v2\/media?parent=16386"}],"wp:term":[{"taxonomy":"category","embeddable":true,"href":"https:\/\/eldiariodesanpedro.com.ar\/sitio\/wp-json\/wp\/v2\/categories?post=16386"},{"taxonomy":"post_tag","embeddable":true,"href":"https:\/\/eldiariodesanpedro.com.ar\/sitio\/wp-json\/wp\/v2\/tags?post=16386"}],"curies":[{"name":"wp","href":"https:\/\/api.w.org\/{rel}","templated":true}]}}