{"id":16385,"date":"2017-03-22T19:19:18","date_gmt":"2017-03-22T22:19:18","guid":{"rendered":"https:\/\/eldiariodesanpedro.com.ar\/sitio\/?p=16385"},"modified":"2017-03-22T19:19:18","modified_gmt":"2017-03-22T22:19:18","slug":"balearon-la-camioneta-de-luis-pollo-bassi-hermano-del-peligroso-delincuente-detenido-en-nuestra-ciudad-el-ano-pasado","status":"publish","type":"post","link":"https:\/\/eldiariodesanpedro.com.ar\/sitio\/balearon-la-camioneta-de-luis-pollo-bassi-hermano-del-peligroso-delincuente-detenido-en-nuestra-ciudad-el-ano-pasado\/","title":{"rendered":"Balearon la camioneta de Luis \u201cPollo\u201d Bassi, hermano del peligroso delincuente detenido en nuestra ciudad el a\u00f1o pasado"},"content":{"rendered":"<p><!-- VideographyWP Plugin Message: Automatic video embedding prevented by plugin options. --><br \/>\nDesconocidos interceptaron y atacaron a tiros la camioneta del Servicio Penitenciario Provincial que trasladaba a Coronda a los tres imputados por el crimen de Claudio \u201cPajaro\u201d Cantero.<\/p>\n<p>El intento de emboscada ocurri\u00f3 este martes en la autopista a Santa Fe, a la altura del kil\u00f3metro 7 de la traza, y fue perpetrada por al menos tres personas, quienes abrieron fuego con FAL mientras se trasladaban a bordo de un VW Bora.<\/p>\n<p>Como consecuencia de ello, Facundo \u201cMacaco\u201d Mu\u00f1oz, recibi\u00f3 sufri\u00f3 una herida de bala en t\u00f3rax, motivo por el cual fue sometido a una intervenci\u00f3n quir\u00fargica. Mientras que Luis \u201cPollo\u201d Bassi y Milton Damario resultaron ilesos.<\/p>\n<p>En tanto, confirmaron que dos efectivos del servicio penitenciario fueron trasladados al hospital regional \u201cGranaderos a Caballo\u201d de San Lorenzo con sendas heridas en brazo y cadera, aunque se encuentran \u201cestables y fuera de peligro\u201d.<\/p>\n<p>Cabe recordar que Marcelo Fabi\u00e1n Bassi, hermano de Luis alias el \u201cPollo\u201d, fue apresado en nuestra ciudad en abril de 2016, en un procedimiento realizado por la polic\u00eda local en el ingreso a la ciudad por Ruta 191, ya que ten\u00eda pedido de captura por dos asesinatos.<\/p>\n<p>Tiene abierta una causa por la muerte de Pablo Dur\u00e9, de 35 a\u00f1os, en Villa Gobernador G\u00e1lvez, donde regenteaba un b\u00fanker de venta de droga.<\/p>\n<p>Cabe recordar que en ese entonces la polic\u00eda traslad\u00f3 a los peligrosos delincuentes en una combi de una empresa de transporte de pasajeros de nuestra ciudad, custodiada por m\u00f3viles hasta San Nicol\u00e1s, exponiendo los efectivos y autoridades policiales locales, peligrosamente su vida. (Fuente: \u201cLa Capital\u201d)<\/p>\n","protected":false},"excerpt":{"rendered":"<p>Desconocidos interceptaron y atacaron a tiros la camioneta del Servicio Penitenciario Provincial que trasladaba a Coronda a los tres imputados por el crimen de Claudio \u201cPajaro\u201d Cantero. El intento de emboscada ocurri\u00f3 este martes en la autopista a Santa Fe, a la altura del kil\u00f3metro 7 de la traza, y fue perpetrada por al menos [&hellip;]<\/p>\n","protected":false},"author":4,"featured_media":3847,"comment_status":"open","ping_status":"closed","sticky":false,"template":"","format":"standard","meta":{"om_disable_all_campaigns":false,"_jetpack_memberships_contains_paid_content":false,"footnotes":""},"categories":[2,103],"tags":[],"class_list":["post-16385","post","type-post","status-publish","format-standard","has-post-thumbnail","hentry","category-locales","category-policiales-locales"],"aioseo_notices":[],"gutentor_comment":0,"jetpack_featured_media_url":"https:\/\/eldiariodesanpedro.com.ar\/sitio\/wp-content\/uploads\/2016\/05\/traslado-detenidos.jpg","jetpack_shortlink":"https:\/\/wp.me\/p6RhLt-4gh","jetpack_sharing_enabled":true,"_links":{"self":[{"href":"https:\/\/eldiariodesanpedro.com.ar\/sitio\/wp-json\/wp\/v2\/posts\/16385","targetHints":{"allow":["GET"]}}],"collection":[{"href":"https:\/\/eldiariodesanpedro.com.ar\/sitio\/wp-json\/wp\/v2\/posts"}],"about":[{"href":"https:\/\/eldiariodesanpedro.com.ar\/sitio\/wp-json\/wp\/v2\/types\/post"}],"author":[{"embeddable":true,"href":"https:\/\/eldiariodesanpedro.com.ar\/sitio\/wp-json\/wp\/v2\/users\/4"}],"replies":[{"embeddable":true,"href":"https:\/\/eldiariodesanpedro.com.ar\/sitio\/wp-json\/wp\/v2\/comments?post=16385"}],"version-history":[{"count":1,"href":"https:\/\/eldiariodesanpedro.com.ar\/sitio\/wp-json\/wp\/v2\/posts\/16385\/revisions"}],"predecessor-version":[{"id":16387,"href":"https:\/\/eldiariodesanpedro.com.ar\/sitio\/wp-json\/wp\/v2\/posts\/16385\/revisions\/16387"}],"wp:featuredmedia":[{"embeddable":true,"href":"https:\/\/eldiariodesanpedro.com.ar\/sitio\/wp-json\/wp\/v2\/media\/3847"}],"wp:attachment":[{"href":"https:\/\/eldiariodesanpedro.com.ar\/sitio\/wp-json\/wp\/v2\/media?parent=16385"}],"wp:term":[{"taxonomy":"category","embeddable":true,"href":"https:\/\/eldiariodesanpedro.com.ar\/sitio\/wp-json\/wp\/v2\/categories?post=16385"},{"taxonomy":"post_tag","embeddable":true,"href":"https:\/\/eldiariodesanpedro.com.ar\/sitio\/wp-json\/wp\/v2\/tags?post=16385"}],"curies":[{"name":"wp","href":"https:\/\/api.w.org\/{rel}","templated":true}]}}