{"id":16382,"date":"2017-03-22T19:17:26","date_gmt":"2017-03-22T22:17:26","guid":{"rendered":"https:\/\/eldiariodesanpedro.com.ar\/sitio\/?p=16382"},"modified":"2017-03-22T19:17:26","modified_gmt":"2017-03-22T22:17:26","slug":"encuentran-sin-vida-a-un-hombre-de-73-anos","status":"publish","type":"post","link":"https:\/\/eldiariodesanpedro.com.ar\/sitio\/encuentran-sin-vida-a-un-hombre-de-73-anos\/","title":{"rendered":"Encuentran sin vida a un hombre de 73 a\u00f1os"},"content":{"rendered":"<p><!-- VideographyWP Plugin Message: Automatic video embedding prevented by plugin options. --><br \/>\nLa polic\u00eda tom\u00f3 intervenci\u00f3n esta ma\u00f1ana en el fallecimiento de una persona en una vivienda localizada en calle Vapor Nacional Correo poste 3 en el barrio \u201cBajo Cementerio\u201d.<\/p>\n<p>Seg\u00fan se pudo establecer, un hombre de 73 a\u00f1os, identificado como Calisto C\u00e1ceres, falleci\u00f3 por causas naturales. Seg\u00fan se pudo establecer, el deceso se produjo por un paro cardiaco.<\/p>\n<p>Una ambulancia del Servicio de Emergencias 107 del Hospital lleg\u00f3 al lugar para constatar las causas de muerte y con posterioridad su m\u00e9dico personal hizo lo propio.<\/p>\n","protected":false},"excerpt":{"rendered":"<p>La polic\u00eda tom\u00f3 intervenci\u00f3n esta ma\u00f1ana en el fallecimiento de una persona en una vivienda localizada en calle Vapor Nacional Correo poste 3 en el barrio \u201cBajo Cementerio\u201d. Seg\u00fan se pudo establecer, un hombre de 73 a\u00f1os, identificado como Calisto C\u00e1ceres, falleci\u00f3 por causas naturales. Seg\u00fan se pudo establecer, el deceso se produjo por un [&hellip;]<\/p>\n","protected":false},"author":4,"featured_media":16383,"comment_status":"open","ping_status":"closed","sticky":false,"template":"","format":"standard","meta":{"om_disable_all_campaigns":false,"_jetpack_memberships_contains_paid_content":false,"footnotes":""},"categories":[2,103],"tags":[],"class_list":["post-16382","post","type-post","status-publish","format-standard","has-post-thumbnail","hentry","category-locales","category-policiales-locales"],"aioseo_notices":[],"gutentor_comment":0,"jetpack_featured_media_url":"https:\/\/eldiariodesanpedro.com.ar\/sitio\/wp-content\/uploads\/2017\/03\/camionetas-policia.jpg","jetpack_shortlink":"https:\/\/wp.me\/p6RhLt-4ge","jetpack_sharing_enabled":true,"_links":{"self":[{"href":"https:\/\/eldiariodesanpedro.com.ar\/sitio\/wp-json\/wp\/v2\/posts\/16382","targetHints":{"allow":["GET"]}}],"collection":[{"href":"https:\/\/eldiariodesanpedro.com.ar\/sitio\/wp-json\/wp\/v2\/posts"}],"about":[{"href":"https:\/\/eldiariodesanpedro.com.ar\/sitio\/wp-json\/wp\/v2\/types\/post"}],"author":[{"embeddable":true,"href":"https:\/\/eldiariodesanpedro.com.ar\/sitio\/wp-json\/wp\/v2\/users\/4"}],"replies":[{"embeddable":true,"href":"https:\/\/eldiariodesanpedro.com.ar\/sitio\/wp-json\/wp\/v2\/comments?post=16382"}],"version-history":[{"count":1,"href":"https:\/\/eldiariodesanpedro.com.ar\/sitio\/wp-json\/wp\/v2\/posts\/16382\/revisions"}],"predecessor-version":[{"id":16384,"href":"https:\/\/eldiariodesanpedro.com.ar\/sitio\/wp-json\/wp\/v2\/posts\/16382\/revisions\/16384"}],"wp:featuredmedia":[{"embeddable":true,"href":"https:\/\/eldiariodesanpedro.com.ar\/sitio\/wp-json\/wp\/v2\/media\/16383"}],"wp:attachment":[{"href":"https:\/\/eldiariodesanpedro.com.ar\/sitio\/wp-json\/wp\/v2\/media?parent=16382"}],"wp:term":[{"taxonomy":"category","embeddable":true,"href":"https:\/\/eldiariodesanpedro.com.ar\/sitio\/wp-json\/wp\/v2\/categories?post=16382"},{"taxonomy":"post_tag","embeddable":true,"href":"https:\/\/eldiariodesanpedro.com.ar\/sitio\/wp-json\/wp\/v2\/tags?post=16382"}],"curies":[{"name":"wp","href":"https:\/\/api.w.org\/{rel}","templated":true}]}}