{"id":16379,"date":"2017-03-22T19:14:57","date_gmt":"2017-03-22T22:14:57","guid":{"rendered":"https:\/\/eldiariodesanpedro.com.ar\/sitio\/?p=16379"},"modified":"2017-03-22T19:14:57","modified_gmt":"2017-03-22T22:14:57","slug":"una-camioneta-volco-en-la-ruta-9-2","status":"publish","type":"post","link":"https:\/\/eldiariodesanpedro.com.ar\/sitio\/una-camioneta-volco-en-la-ruta-9-2\/","title":{"rendered":"Una camioneta volc\u00f3 en la Ruta 9"},"content":{"rendered":"<p><!-- VideographyWP Plugin Message: Automatic video embedding prevented by plugin options. --><br \/>\nEl accidente ocurri\u00f3 en la ma\u00f1ana de este martes en el Km. 161 de la autopista nacional 9, carril Buenos Aires \u2013 Rosario.<\/p>\n<p>En ese lugar, una camioneta volc\u00f3 sobre el puente de la Ruta 191, por causas que se tratan de establecer. El rodado qued\u00f3 sobre uno de sus laterales, ocupando el andarivel r\u00e1pido.<\/p>\n<p>Una ambulancia del CEM concurri\u00f3 al lugar, pero los dos ocupantes del veh\u00edculos no sufrieron lesiones de consideraci\u00f3n por lo que no hizo falta su traslado al Hospital.<\/p>\n<p>Personal de la empresa concesionaria, Cincovial retir\u00f3 el veh\u00edculo para normalizar el tr\u00e1nsito.<\/p>\n","protected":false},"excerpt":{"rendered":"<p>El accidente ocurri\u00f3 en la ma\u00f1ana de este martes en el Km. 161 de la autopista nacional 9, carril Buenos Aires \u2013 Rosario. En ese lugar, una camioneta volc\u00f3 sobre el puente de la Ruta 191, por causas que se tratan de establecer. El rodado qued\u00f3 sobre uno de sus laterales, ocupando el andarivel r\u00e1pido. [&hellip;]<\/p>\n","protected":false},"author":4,"featured_media":16380,"comment_status":"open","ping_status":"closed","sticky":false,"template":"","format":"standard","meta":{"om_disable_all_campaigns":false,"_jetpack_memberships_contains_paid_content":false,"footnotes":""},"categories":[2,103],"tags":[],"class_list":["post-16379","post","type-post","status-publish","format-standard","has-post-thumbnail","hentry","category-locales","category-policiales-locales"],"aioseo_notices":[],"gutentor_comment":0,"jetpack_featured_media_url":"https:\/\/eldiariodesanpedro.com.ar\/sitio\/wp-content\/uploads\/2017\/03\/La-camioneta-que-volc\u00f3-en-la-Ruta-9.jpg","jetpack_shortlink":"https:\/\/wp.me\/p6RhLt-4gb","jetpack_sharing_enabled":true,"_links":{"self":[{"href":"https:\/\/eldiariodesanpedro.com.ar\/sitio\/wp-json\/wp\/v2\/posts\/16379","targetHints":{"allow":["GET"]}}],"collection":[{"href":"https:\/\/eldiariodesanpedro.com.ar\/sitio\/wp-json\/wp\/v2\/posts"}],"about":[{"href":"https:\/\/eldiariodesanpedro.com.ar\/sitio\/wp-json\/wp\/v2\/types\/post"}],"author":[{"embeddable":true,"href":"https:\/\/eldiariodesanpedro.com.ar\/sitio\/wp-json\/wp\/v2\/users\/4"}],"replies":[{"embeddable":true,"href":"https:\/\/eldiariodesanpedro.com.ar\/sitio\/wp-json\/wp\/v2\/comments?post=16379"}],"version-history":[{"count":1,"href":"https:\/\/eldiariodesanpedro.com.ar\/sitio\/wp-json\/wp\/v2\/posts\/16379\/revisions"}],"predecessor-version":[{"id":16381,"href":"https:\/\/eldiariodesanpedro.com.ar\/sitio\/wp-json\/wp\/v2\/posts\/16379\/revisions\/16381"}],"wp:featuredmedia":[{"embeddable":true,"href":"https:\/\/eldiariodesanpedro.com.ar\/sitio\/wp-json\/wp\/v2\/media\/16380"}],"wp:attachment":[{"href":"https:\/\/eldiariodesanpedro.com.ar\/sitio\/wp-json\/wp\/v2\/media?parent=16379"}],"wp:term":[{"taxonomy":"category","embeddable":true,"href":"https:\/\/eldiariodesanpedro.com.ar\/sitio\/wp-json\/wp\/v2\/categories?post=16379"},{"taxonomy":"post_tag","embeddable":true,"href":"https:\/\/eldiariodesanpedro.com.ar\/sitio\/wp-json\/wp\/v2\/tags?post=16379"}],"curies":[{"name":"wp","href":"https:\/\/api.w.org\/{rel}","templated":true}]}}