{"id":16375,"date":"2017-03-22T19:13:28","date_gmt":"2017-03-22T22:13:28","guid":{"rendered":"https:\/\/eldiariodesanpedro.com.ar\/sitio\/?p=16375"},"modified":"2017-03-22T19:13:28","modified_gmt":"2017-03-22T22:13:28","slug":"autoridades-municipales-e-integrantes-del-sindicato-de-trabajadores-municipales-se-reunieron","status":"publish","type":"post","link":"https:\/\/eldiariodesanpedro.com.ar\/sitio\/autoridades-municipales-e-integrantes-del-sindicato-de-trabajadores-municipales-se-reunieron\/","title":{"rendered":"Autoridades municipales e integrantes del Sindicato de Trabajadores Municipales se reunieron"},"content":{"rendered":"<p><!-- VideographyWP Plugin Message: Automatic video embedding prevented by plugin options. --><br \/>\nEn la tarde de este martes, autoridades municipales y del gremios participaron de un encuentro que no tuvo caracter\u00edsticas paritarias.<\/p>\n<p>En ese sentido, el Secretario de Legal y T\u00e9cnica, Ram\u00f3n Salazar opin\u00f3 que la medida de fuerza llevada cabo el lunes dijo: \u201cComo todos saben el paro no fue exitoso\u201d el \u201cacatamiento fue muy bajo\u201d. Al tiempo que agreg\u00f3: \u201cYo recib\u00ed una llamada el d\u00eda lunes por parte de integrantes del Sindicato de Trabajadores Municipales donde me dijeron que hab\u00eda intenciones de levantar el paro y ped\u00edan si pod\u00edamos tener una reuni\u00f3n para volver a reanudar el di\u00e1logo que siempre hab\u00edamos tenido\u201d.<\/p>\n<p>\u201cEl viernes en el Ministerio de Trabajo les hab\u00eda pedido que no se tome una medida de esta es la \u00faltima medida que hay que tomar, no hay que agotar esas instancias\u201d.<\/p>\n<p>En cuanto a la reuni\u00f3n de hoy, el funcionario dijo: \u201cLos muchachos tiraron sobre la mesa los que ten\u00edan que decir, yo trat\u00e9 de conciliar un poco. Ellos la semana pasada hab\u00edan tenido una reuni\u00f3n donde yo no hab\u00eda participado\u201d. <\/p>\n<p>En tanto que opin\u00f3 que con esta situaci\u00f3n \u201cqued\u00f3 demostrado que el municipio est\u00e1 fuerte\u201d y \u201cme parece que eso es importante para San Pedro\u201d, \u201csino cualquiera viene y lo pasa por arriba\u201d.<\/p>\n<p>Y agreg\u00f3: \u201cEra una charla que hab\u00eda que tener porque, en definitiva lo que ye les reiteraba que no quer\u00eda \u00b4pasar los dos a\u00f1os que nos queda de gobierno, estar peleando con los sindicatos\u201d.<\/p>\n<p>\u201cNosotros tenemos que estar con la cabeza, pensando en sacar a San Pedro de la crisis en  la que est\u00e1. Venimos de la peor crisis de la historia\u201d, asever\u00f3 y agreg\u00f3 en ese sentido: \u201cTuvo que renunciar un Intendente hace muy poco tiempo, hab\u00eda paros d\u00eda por medio, carpa en el Hospital y era todo un caos y hoy las cosas est\u00e1n m\u00e1s ordenadas pero no significa que San Pedro no este complicado econ\u00f3micamente y estemos viviendo en un para\u00edso\u201d.<\/p>\n<p>\u201cSeamos racionales, el Intendente no va a pagar a los trabajadores lo que no se puede\u201d, sentenci\u00f3.<\/p>\n","protected":false},"excerpt":{"rendered":"<p>En la tarde de este martes, autoridades municipales y del gremios participaron de un encuentro que no tuvo caracter\u00edsticas paritarias. En ese sentido, el Secretario de Legal y T\u00e9cnica, Ram\u00f3n Salazar opin\u00f3 que la medida de fuerza llevada cabo el lunes dijo: \u201cComo todos saben el paro no fue exitoso\u201d el \u201cacatamiento fue muy bajo\u201d. [&hellip;]<\/p>\n","protected":false},"author":4,"featured_media":16377,"comment_status":"open","ping_status":"closed","sticky":false,"template":"","format":"standard","meta":{"om_disable_all_campaigns":false,"_jetpack_memberships_contains_paid_content":false,"footnotes":""},"categories":[2,102],"tags":[],"class_list":["post-16375","post","type-post","status-publish","format-standard","has-post-thumbnail","hentry","category-locales","category-politica-locales"],"aioseo_notices":[],"gutentor_comment":0,"jetpack_featured_media_url":"https:\/\/eldiariodesanpedro.com.ar\/sitio\/wp-content\/uploads\/2017\/03\/Ambas-partes-se-juntaron-para-limar-asperezas.Imagen-de-archivo..jpg","jetpack_shortlink":"https:\/\/wp.me\/p6RhLt-4g7","jetpack_sharing_enabled":true,"_links":{"self":[{"href":"https:\/\/eldiariodesanpedro.com.ar\/sitio\/wp-json\/wp\/v2\/posts\/16375","targetHints":{"allow":["GET"]}}],"collection":[{"href":"https:\/\/eldiariodesanpedro.com.ar\/sitio\/wp-json\/wp\/v2\/posts"}],"about":[{"href":"https:\/\/eldiariodesanpedro.com.ar\/sitio\/wp-json\/wp\/v2\/types\/post"}],"author":[{"embeddable":true,"href":"https:\/\/eldiariodesanpedro.com.ar\/sitio\/wp-json\/wp\/v2\/users\/4"}],"replies":[{"embeddable":true,"href":"https:\/\/eldiariodesanpedro.com.ar\/sitio\/wp-json\/wp\/v2\/comments?post=16375"}],"version-history":[{"count":1,"href":"https:\/\/eldiariodesanpedro.com.ar\/sitio\/wp-json\/wp\/v2\/posts\/16375\/revisions"}],"predecessor-version":[{"id":16378,"href":"https:\/\/eldiariodesanpedro.com.ar\/sitio\/wp-json\/wp\/v2\/posts\/16375\/revisions\/16378"}],"wp:featuredmedia":[{"embeddable":true,"href":"https:\/\/eldiariodesanpedro.com.ar\/sitio\/wp-json\/wp\/v2\/media\/16377"}],"wp:attachment":[{"href":"https:\/\/eldiariodesanpedro.com.ar\/sitio\/wp-json\/wp\/v2\/media?parent=16375"}],"wp:term":[{"taxonomy":"category","embeddable":true,"href":"https:\/\/eldiariodesanpedro.com.ar\/sitio\/wp-json\/wp\/v2\/categories?post=16375"},{"taxonomy":"post_tag","embeddable":true,"href":"https:\/\/eldiariodesanpedro.com.ar\/sitio\/wp-json\/wp\/v2\/tags?post=16375"}],"curies":[{"name":"wp","href":"https:\/\/api.w.org\/{rel}","templated":true}]}}