{"id":16373,"date":"2017-03-22T19:11:43","date_gmt":"2017-03-22T22:11:43","guid":{"rendered":"https:\/\/eldiariodesanpedro.com.ar\/sitio\/?p=16373"},"modified":"2017-03-22T19:11:43","modified_gmt":"2017-03-22T22:11:43","slug":"ramon-salazar-sera-designado-de-secretario-de-coordinacion","status":"publish","type":"post","link":"https:\/\/eldiariodesanpedro.com.ar\/sitio\/ramon-salazar-sera-designado-de-secretario-de-coordinacion\/","title":{"rendered":"Ram\u00f3n Salazar ser\u00e1 designado de Secretario de Coordinaci\u00f3n"},"content":{"rendered":"<p><!-- VideographyWP Plugin Message: Automatic video embedding prevented by plugin options. --><br \/>\nMediante un decreto se formalizar\u00e1 en las pr\u00f3ximas horas la responsabilidad que de alguna manera ya se encuentra cumpliendo, quien hoy se desempe\u00f1a como Secretario de Legal y T\u00e9cnica. De esta manera Ram\u00f3n Salazar comenzar\u00e1 a tener un rol cercano a lo que a nivel nacional se denomina Jefe de Gabinete.<\/p>\n<p>\u201cEl Intendente me dijo que hay que cuidar el tema de los gastos por ahora no va haber una designaci\u00f3n de otro secretario\u201d y se\u00f1al\u00f3 que por el momento ocupar\u00e1 los dos cargos. \u201cEst\u00e1 Jos\u00e9 Macchia que hoy ocupa el cargo de asesor letrado como director, tambi\u00e9n es una posibilidad\u201d, dijo luego.<\/p>\n<p>Dijo que el cargo que ocupar\u00e1, \u201cen el organigrama es el que le sigue al Intendente y debe coordinar las tareas del resto de los secretarios\u201d. \u201cLo que habl\u00f3 el Intendente con migo es que colabore con los secretarios para que se organicen mejor\u201d.<\/p>\n<p>Al tiempo que agreg\u00f3: \u201cTodos sabemos que el Intendente recibe por d\u00eda un mont\u00f3n de mensajes, pedidos de la gente, tanto por Whatsapp como por Facebook y \u00e9l necesita resolver esos problemas y no se puede ocupar de hacer un seguimiento de todas las instrucciones que da\u201d.<br \/>\n\u201cNecesita alguien en quien descargar, que haga un seguimiento, que tome decisiones y me ha pedido que cumpla esta tarea\u201d, manifest\u00f3 por \u00faltimo.<\/p>\n","protected":false},"excerpt":{"rendered":"<p>Mediante un decreto se formalizar\u00e1 en las pr\u00f3ximas horas la responsabilidad que de alguna manera ya se encuentra cumpliendo, quien hoy se desempe\u00f1a como Secretario de Legal y T\u00e9cnica. De esta manera Ram\u00f3n Salazar comenzar\u00e1 a tener un rol cercano a lo que a nivel nacional se denomina Jefe de Gabinete. \u201cEl Intendente me dijo [&hellip;]<\/p>\n","protected":false},"author":4,"featured_media":16374,"comment_status":"open","ping_status":"closed","sticky":false,"template":"","format":"standard","meta":{"om_disable_all_campaigns":false,"_jetpack_memberships_contains_paid_content":false,"footnotes":""},"categories":[2,102],"tags":[],"class_list":["post-16373","post","type-post","status-publish","format-standard","has-post-thumbnail","hentry","category-locales","category-politica-locales"],"aioseo_notices":[],"gutentor_comment":0,"jetpack_featured_media_url":"https:\/\/eldiariodesanpedro.com.ar\/sitio\/wp-content\/uploads\/2017\/03\/Ram\u00f3n-Salazar.jpg","jetpack_shortlink":"https:\/\/wp.me\/p6RhLt-4g5","jetpack_sharing_enabled":true,"_links":{"self":[{"href":"https:\/\/eldiariodesanpedro.com.ar\/sitio\/wp-json\/wp\/v2\/posts\/16373","targetHints":{"allow":["GET"]}}],"collection":[{"href":"https:\/\/eldiariodesanpedro.com.ar\/sitio\/wp-json\/wp\/v2\/posts"}],"about":[{"href":"https:\/\/eldiariodesanpedro.com.ar\/sitio\/wp-json\/wp\/v2\/types\/post"}],"author":[{"embeddable":true,"href":"https:\/\/eldiariodesanpedro.com.ar\/sitio\/wp-json\/wp\/v2\/users\/4"}],"replies":[{"embeddable":true,"href":"https:\/\/eldiariodesanpedro.com.ar\/sitio\/wp-json\/wp\/v2\/comments?post=16373"}],"version-history":[{"count":1,"href":"https:\/\/eldiariodesanpedro.com.ar\/sitio\/wp-json\/wp\/v2\/posts\/16373\/revisions"}],"predecessor-version":[{"id":16376,"href":"https:\/\/eldiariodesanpedro.com.ar\/sitio\/wp-json\/wp\/v2\/posts\/16373\/revisions\/16376"}],"wp:featuredmedia":[{"embeddable":true,"href":"https:\/\/eldiariodesanpedro.com.ar\/sitio\/wp-json\/wp\/v2\/media\/16374"}],"wp:attachment":[{"href":"https:\/\/eldiariodesanpedro.com.ar\/sitio\/wp-json\/wp\/v2\/media?parent=16373"}],"wp:term":[{"taxonomy":"category","embeddable":true,"href":"https:\/\/eldiariodesanpedro.com.ar\/sitio\/wp-json\/wp\/v2\/categories?post=16373"},{"taxonomy":"post_tag","embeddable":true,"href":"https:\/\/eldiariodesanpedro.com.ar\/sitio\/wp-json\/wp\/v2\/tags?post=16373"}],"curies":[{"name":"wp","href":"https:\/\/api.w.org\/{rel}","templated":true}]}}