{"id":16366,"date":"2017-03-22T15:02:06","date_gmt":"2017-03-22T18:02:06","guid":{"rendered":"https:\/\/eldiariodesanpedro.com.ar\/sitio\/?p=16366"},"modified":"2017-03-22T15:02:06","modified_gmt":"2017-03-22T18:02:06","slug":"coopser-cortes-programados-para-manana-en-zona-urbana-y-santa-lucia","status":"publish","type":"post","link":"https:\/\/eldiariodesanpedro.com.ar\/sitio\/coopser-cortes-programados-para-manana-en-zona-urbana-y-santa-lucia\/","title":{"rendered":"Coopser: Cortes programados para ma\u00f1ana en zona urbana y Santa Luc\u00eda"},"content":{"rendered":"<p><!-- VideographyWP Plugin Message: Automatic video embedding prevented by plugin options. --><br \/>\nCoopser informa cortes programados para ma\u00f1ana JUEVES 23 de Marzo<br \/>\n* De 8 a 9 se efectuar\u00e1 un corte del servicio electrico en la zona urbana de Santa Lucia para reparacion de conductor de Media Tension<br \/>\n* De 7.30 a 9.30 en la zona comprendida entre las calles Chivilcoy, An\u00edbal de Ant\u00f3n,  3 de Febrero y Col\u00f3n por tareas de mantenimiento    <\/p>\n<p>Ser\u00e1n reprogramados en caso de mal tiempo<\/p>\n","protected":false},"excerpt":{"rendered":"<p>Coopser informa cortes programados para ma\u00f1ana JUEVES 23 de Marzo * De 8 a 9 se efectuar\u00e1 un corte del servicio electrico en la zona urbana de Santa Lucia para reparacion de conductor de Media Tension * De 7.30 a 9.30 en la zona comprendida entre las calles Chivilcoy, An\u00edbal de Ant\u00f3n, 3 de Febrero [&hellip;]<\/p>\n","protected":false},"author":4,"featured_media":2489,"comment_status":"open","ping_status":"closed","sticky":false,"template":"","format":"standard","meta":{"om_disable_all_campaigns":false,"_jetpack_memberships_contains_paid_content":false,"footnotes":""},"categories":[101,2],"tags":[],"class_list":["post-16366","post","type-post","status-publish","format-standard","has-post-thumbnail","hentry","category-interes-general-locales","category-locales"],"aioseo_notices":[],"gutentor_comment":0,"jetpack_featured_media_url":"https:\/\/eldiariodesanpedro.com.ar\/sitio\/wp-content\/uploads\/2016\/03\/COOPSER.jpg","jetpack_shortlink":"https:\/\/wp.me\/p6RhLt-4fY","jetpack_sharing_enabled":true,"_links":{"self":[{"href":"https:\/\/eldiariodesanpedro.com.ar\/sitio\/wp-json\/wp\/v2\/posts\/16366","targetHints":{"allow":["GET"]}}],"collection":[{"href":"https:\/\/eldiariodesanpedro.com.ar\/sitio\/wp-json\/wp\/v2\/posts"}],"about":[{"href":"https:\/\/eldiariodesanpedro.com.ar\/sitio\/wp-json\/wp\/v2\/types\/post"}],"author":[{"embeddable":true,"href":"https:\/\/eldiariodesanpedro.com.ar\/sitio\/wp-json\/wp\/v2\/users\/4"}],"replies":[{"embeddable":true,"href":"https:\/\/eldiariodesanpedro.com.ar\/sitio\/wp-json\/wp\/v2\/comments?post=16366"}],"version-history":[{"count":1,"href":"https:\/\/eldiariodesanpedro.com.ar\/sitio\/wp-json\/wp\/v2\/posts\/16366\/revisions"}],"predecessor-version":[{"id":16367,"href":"https:\/\/eldiariodesanpedro.com.ar\/sitio\/wp-json\/wp\/v2\/posts\/16366\/revisions\/16367"}],"wp:featuredmedia":[{"embeddable":true,"href":"https:\/\/eldiariodesanpedro.com.ar\/sitio\/wp-json\/wp\/v2\/media\/2489"}],"wp:attachment":[{"href":"https:\/\/eldiariodesanpedro.com.ar\/sitio\/wp-json\/wp\/v2\/media?parent=16366"}],"wp:term":[{"taxonomy":"category","embeddable":true,"href":"https:\/\/eldiariodesanpedro.com.ar\/sitio\/wp-json\/wp\/v2\/categories?post=16366"},{"taxonomy":"post_tag","embeddable":true,"href":"https:\/\/eldiariodesanpedro.com.ar\/sitio\/wp-json\/wp\/v2\/tags?post=16366"}],"curies":[{"name":"wp","href":"https:\/\/api.w.org\/{rel}","templated":true}]}}