{"id":16357,"date":"2017-03-21T20:58:27","date_gmt":"2017-03-21T23:58:27","guid":{"rendered":"https:\/\/eldiariodesanpedro.com.ar\/sitio\/?p=16357"},"modified":"2026-01-24T00:30:43","modified_gmt":"2026-01-24T03:30:43","slug":"automovilismo-norbak-de-fedenor-3-sampedrinos-presentes","status":"publish","type":"post","link":"https:\/\/eldiariodesanpedro.com.ar\/sitio\/automovilismo-norbak-de-fedenor-3-sampedrinos-presentes\/","title":{"rendered":"AUTOMOVILISMO: Norbak de FEDENOR: 3 sampedrinos presentes"},"content":{"rendered":"<p><!-- VideographyWP Plugin Message: Automatic video embedding prevented by plugin options. --><br \/>\n  La actividad de este fin de semana fue \u00fanicamente la del Norbak de FEDENOR, donde dio inicio su temporada 2017 en el circuito \u201cEl Rinc\u00f3n de Salto\u201d, en el cual estuvieron presentes tres sampedrinos: Juli\u00e1n Bast\u00eda, Gonzalo Beneduchi y Edgardo Punt\u00edn en la divisional 150 s\u00faper master.<\/p>\n<p>  Juli\u00e1n, pint\u00f3 el n\u00famero 5 en su karting para este a\u00f1o y tuvo una primera final, donde en la largada se le cortaba el cable del acelerador. Ya en la segunda carrera, terminaba cuarto despu\u00e9s de largar en la \u00faltima colocaci\u00f3n, logrando una gran remontada. A su vez, existieron distintos tipos de inconvenientes en el chasis durante toda la actividad; siendo motivo de revisi\u00f3n y mejoras para la siguiente fecha.<\/p>\n<p>  Gonzalo, hab\u00eda logrado culminar en la ubicaci\u00f3n 5\u00b0 para la primera competencia y en la siguiente lleg\u00f3 en el 2\u00b0 puesto, pero fue excluido por T\u00e9cnica, por problemas en la compresi\u00f3n.<\/p>\n<p>  El otro piloto, de apellido familiar en el karting (Edgardo Punt\u00edn), despu\u00e9s de haber volcado, cerr\u00f3 su fin de semana con un podio, logrando finalizar en la 3\u00b0 posici\u00f3n.<\/p>\n","protected":false},"excerpt":{"rendered":"<p>La actividad de este fin de semana fue \u00fanicamente la del Norbak de FEDENOR, donde dio inicio su temporada 2017 en el circuito \u201cEl Rinc\u00f3n de Salto\u201d, en el cual estuvieron presentes tres sampedrinos: Juli\u00e1n Bast\u00eda, Gonzalo Beneduchi y Edgardo Punt\u00edn en la divisional 150 s\u00faper master. Juli\u00e1n, pint\u00f3 el n\u00famero 5 en su karting [&hellip;]<\/p>\n","protected":false},"author":4,"featured_media":16359,"comment_status":"open","ping_status":"closed","sticky":false,"template":"","format":"standard","meta":{"om_disable_all_campaigns":false,"_jetpack_memberships_contains_paid_content":false,"footnotes":""},"categories":[5],"tags":[],"class_list":["post-16357","post","type-post","status-publish","format-standard","has-post-thumbnail","hentry","category-deportes"],"aioseo_notices":[],"gutentor_comment":0,"jetpack_featured_media_url":"https:\/\/eldiariodesanpedro.com.ar\/sitio\/wp-content\/uploads\/2017\/03\/Juli\u00e1n-Bast\u00eda.jpg","jetpack_shortlink":"https:\/\/wp.me\/p6RhLt-4fP","jetpack_sharing_enabled":true,"_links":{"self":[{"href":"https:\/\/eldiariodesanpedro.com.ar\/sitio\/wp-json\/wp\/v2\/posts\/16357","targetHints":{"allow":["GET"]}}],"collection":[{"href":"https:\/\/eldiariodesanpedro.com.ar\/sitio\/wp-json\/wp\/v2\/posts"}],"about":[{"href":"https:\/\/eldiariodesanpedro.com.ar\/sitio\/wp-json\/wp\/v2\/types\/post"}],"author":[{"embeddable":true,"href":"https:\/\/eldiariodesanpedro.com.ar\/sitio\/wp-json\/wp\/v2\/users\/4"}],"replies":[{"embeddable":true,"href":"https:\/\/eldiariodesanpedro.com.ar\/sitio\/wp-json\/wp\/v2\/comments?post=16357"}],"version-history":[{"count":1,"href":"https:\/\/eldiariodesanpedro.com.ar\/sitio\/wp-json\/wp\/v2\/posts\/16357\/revisions"}],"predecessor-version":[{"id":16360,"href":"https:\/\/eldiariodesanpedro.com.ar\/sitio\/wp-json\/wp\/v2\/posts\/16357\/revisions\/16360"}],"wp:featuredmedia":[{"embeddable":true,"href":"https:\/\/eldiariodesanpedro.com.ar\/sitio\/wp-json\/wp\/v2\/media\/16359"}],"wp:attachment":[{"href":"https:\/\/eldiariodesanpedro.com.ar\/sitio\/wp-json\/wp\/v2\/media?parent=16357"}],"wp:term":[{"taxonomy":"category","embeddable":true,"href":"https:\/\/eldiariodesanpedro.com.ar\/sitio\/wp-json\/wp\/v2\/categories?post=16357"},{"taxonomy":"post_tag","embeddable":true,"href":"https:\/\/eldiariodesanpedro.com.ar\/sitio\/wp-json\/wp\/v2\/tags?post=16357"}],"curies":[{"name":"wp","href":"https:\/\/api.w.org\/{rel}","templated":true}]}}