{"id":16355,"date":"2017-03-21T20:57:34","date_gmt":"2017-03-21T23:57:34","guid":{"rendered":"https:\/\/eldiariodesanpedro.com.ar\/sitio\/?p=16355"},"modified":"2026-01-24T00:30:43","modified_gmt":"2026-01-24T03:30:43","slug":"ciclismo-en-increible-final-villarruel-y-basualdo-compartieron-el-primer-lugar","status":"publish","type":"post","link":"https:\/\/eldiariodesanpedro.com.ar\/sitio\/ciclismo-en-increible-final-villarruel-y-basualdo-compartieron-el-primer-lugar\/","title":{"rendered":"CICLISMO: En incre\u00edble final, Villarruel y Basualdo compartieron el primer lugar"},"content":{"rendered":"<p><!-- VideographyWP Plugin Message: Automatic video embedding prevented by plugin options. --><br \/>\n  La participaci\u00f3n en las pruebas del s\u00e1bado organizadas por Pro Ciclismo San Pedro en el Circuito Panor\u00e1mico del Oeste, fue de 115 corredores de distintos lugares de la provincia, como as\u00ed tambi\u00e9n de Santa Fe; quienes brindaron un espect\u00e1culo de muy alto nivel. El clima acompa\u00f1ando durante toda la jornada y una final entre dos sampedrinos.<\/p>\n<p>  L\u00e1zaro Villarruel, Agust\u00edn Basualdo; Agust\u00edn Basualdo, L\u00e1zaro Villarruel, para pasar y repasar varias veces la \u201cfoto finish\u201d (foto) y convincentes, proclamar la paridad del 1er. lugar en la clasificaci\u00f3n de la competencia de fondo. <\/p>\n<p><strong>Todas las posiciones del 18 de marzo<\/strong><\/p>\n<p><em>MASTER \u00abD\u00bb<\/em><br \/>\n1\u00b0 Daniel Di Santo (Pergamino)<br \/>\n2\u00b0 Rub\u00e9n Morales (San Pedro)<br \/>\n3\u00b0 Jorge Cannata (San Pedro)<br \/>\n4\u00b0 Ra\u00fal Bermejo (Pergamino)<br \/>\n5\u00b0 Ram\u00f3n Mondinali (San Pedro)<\/p>\n<p><em>PE\u00d1A CICLISTAS SAMPEDRINOS<\/em><br \/>\n1\u00b0 Daniel Chipolini<br \/>\n2\u00b0 Juan Macelli<br \/>\n3\u00b0 Claudio Rodr\u00edguez<br \/>\n4\u00b0 Iris Ver\u00f3n<br \/>\n5\u00b0 Ra\u00fal Canabal<\/p>\n<p><strong>INFANTILES<\/strong><br \/>\nParticiparon: \u00abManolo\u00bb Rivero &#8211; Fantino Giuliani &#8211; Manuel Grosso Vidal<\/p>\n<p><em>MASTER \u00abC\u00bb Y MAYORES<\/em><br \/>\n1\u00b0 Jorge Gallo (Pergamino)<br \/>\n2\u00b0 Miguel Machi (Capit\u00e1n Sarmiento)<br \/>\n3\u00b0 Pedro Marcelini (Col\u00f3n)<br \/>\n4\u00b0 Daiana Moretini (Rafaela)<br \/>\n5\u00b0 Rub\u00e9n \u00abPillo\u00bb Gonz\u00e1lez (Z\u00e1rate)<\/p>\n<p><em>MASTER \u00abB\u00bb<\/em><br \/>\n1\u00b0 Diego Rossie (San Lorenzo)<br \/>\n2\u00b0 Rub\u00e9n Mayada (Z\u00e1rate)<br \/>\n3\u00b0 Oscar Carrizo (Z\u00e1rate)<\/p>\n<p><em>PROMOCIONAL Y MASTER \u00abA\u00bb<\/em><br \/>\n1ros. L\u00e1zaro Villarruel- Agust\u00edn Basualdo (San Pedro)<br \/>\n3\u00b0 Alberto Pereyra (Rosario)<br \/>\n4\u00b0 Federico Ojeda (Pergamino)<br \/>\n5\u00b0 Mariano Bianchi (Capit\u00e1n Sarmiento)<\/p>\n","protected":false},"excerpt":{"rendered":"<p>La participaci\u00f3n en las pruebas del s\u00e1bado organizadas por Pro Ciclismo San Pedro en el Circuito Panor\u00e1mico del Oeste, fue de 115 corredores de distintos lugares de la provincia, como as\u00ed tambi\u00e9n de Santa Fe; quienes brindaron un espect\u00e1culo de muy alto nivel. El clima acompa\u00f1ando durante toda la jornada y una final entre dos [&hellip;]<\/p>\n","protected":false},"author":4,"featured_media":16356,"comment_status":"open","ping_status":"closed","sticky":false,"template":"","format":"standard","meta":{"om_disable_all_campaigns":false,"_jetpack_memberships_contains_paid_content":false,"footnotes":""},"categories":[5],"tags":[],"class_list":["post-16355","post","type-post","status-publish","format-standard","has-post-thumbnail","hentry","category-deportes"],"aioseo_notices":[],"gutentor_comment":0,"jetpack_featured_media_url":"https:\/\/eldiariodesanpedro.com.ar\/sitio\/wp-content\/uploads\/2017\/03\/Una-final-inesperada-se-dio-en-el-Panor\u00e1mico.-Con-la-\u201cfoto-finish\u201d-no-se-pudo-determinar.jpg","jetpack_shortlink":"https:\/\/wp.me\/p6RhLt-4fN","jetpack_sharing_enabled":true,"_links":{"self":[{"href":"https:\/\/eldiariodesanpedro.com.ar\/sitio\/wp-json\/wp\/v2\/posts\/16355","targetHints":{"allow":["GET"]}}],"collection":[{"href":"https:\/\/eldiariodesanpedro.com.ar\/sitio\/wp-json\/wp\/v2\/posts"}],"about":[{"href":"https:\/\/eldiariodesanpedro.com.ar\/sitio\/wp-json\/wp\/v2\/types\/post"}],"author":[{"embeddable":true,"href":"https:\/\/eldiariodesanpedro.com.ar\/sitio\/wp-json\/wp\/v2\/users\/4"}],"replies":[{"embeddable":true,"href":"https:\/\/eldiariodesanpedro.com.ar\/sitio\/wp-json\/wp\/v2\/comments?post=16355"}],"version-history":[{"count":1,"href":"https:\/\/eldiariodesanpedro.com.ar\/sitio\/wp-json\/wp\/v2\/posts\/16355\/revisions"}],"predecessor-version":[{"id":16358,"href":"https:\/\/eldiariodesanpedro.com.ar\/sitio\/wp-json\/wp\/v2\/posts\/16355\/revisions\/16358"}],"wp:featuredmedia":[{"embeddable":true,"href":"https:\/\/eldiariodesanpedro.com.ar\/sitio\/wp-json\/wp\/v2\/media\/16356"}],"wp:attachment":[{"href":"https:\/\/eldiariodesanpedro.com.ar\/sitio\/wp-json\/wp\/v2\/media?parent=16355"}],"wp:term":[{"taxonomy":"category","embeddable":true,"href":"https:\/\/eldiariodesanpedro.com.ar\/sitio\/wp-json\/wp\/v2\/categories?post=16355"},{"taxonomy":"post_tag","embeddable":true,"href":"https:\/\/eldiariodesanpedro.com.ar\/sitio\/wp-json\/wp\/v2\/tags?post=16355"}],"curies":[{"name":"wp","href":"https:\/\/api.w.org\/{rel}","templated":true}]}}