{"id":16350,"date":"2017-03-21T20:55:25","date_gmt":"2017-03-21T23:55:25","guid":{"rendered":"https:\/\/eldiariodesanpedro.com.ar\/sitio\/?p=16350"},"modified":"2026-01-24T00:30:43","modified_gmt":"2026-01-24T03:30:43","slug":"federal-c-argentino-de-pergamino-o-somisa-sale-el-rival-de-atletico","status":"publish","type":"post","link":"https:\/\/eldiariodesanpedro.com.ar\/sitio\/federal-c-argentino-de-pergamino-o-somisa-sale-el-rival-de-atletico\/","title":{"rendered":"FEDERAL C: Argentino de Pergamino o SOMISA, sale el rival de Atl\u00e9tico"},"content":{"rendered":"<p><!-- VideographyWP Plugin Message: Automatic video embedding prevented by plugin options. --><br \/>\n  El Consejo Federal dio a conocer los cruces para la siguiente etapa del torneo federal \u00abC\u00bb. Atl\u00e9tico por haber clasificado primero, no juega la 2da 1ra fase y su rival sale del cotejo que jugar\u00e1n SOMISA &#8211; Argentino de Pergamino. Los cotejos de ida est\u00e1n previstos para el d\u00eda 26 del corriente mes.<\/p>\n<p><strong>Todos los partidos<\/strong><\/p>\n<p><strong>Regi\u00f3n Pampeana Norte<\/strong><\/p>\n<p> <em> Primera fase (Ida: 26\/3 &#8211; Vuelta: 1\/4)<\/em><br \/>\n1: Argentino (Pergamino) vs. Del Acuerdo\/SOMISA (San Nicol\u00e1s) L<br \/>\n2: Juventud Unida (Lincoln) vs. Matienzo (Juan Bautista Alberdi) L<br \/>\n3: Defensores de La Esperanza (Campana) vs. Matienzo (Ramallo) L<br \/>\n4: Gimnasia y Esgrima (Chivilcoy) vs. Porte\u00f1o F.C. (Col\u00f3n) L<br \/>\n5: Racing (Bavio) vs. Dep. Coreano (Lobos) L<br \/>\n6: SATSAID (Moreno) vs. Trocha (Mercedes) L<\/p>\n<p> <em> Segunda fase (Ida: 9\/4 &#8211; Vuelta: 16\/4)<\/em><br \/>\nA: Ganador de 1 L vs. Atl\u00e9tico Baradero<br \/>\nB: Ganador de 3 L vs. Sarmiento (Z\u00e1rate)<br \/>\nC: Dep. Malvinas (Adolfo Sordeaux) vs. ADIP (Gonnet) L<br \/>\nD: Ganador de 5 L vs. CRIBA (La Plata)<br \/>\nE: Ganador de 4 L vs. Club Mercedes<br \/>\nF: Ganador de 6 L vs. Sports Salto<br \/>\nG: Jorge Newbery (Rojas) vs. Colonial (Ferre) L<br \/>\nH: Ganador de 2 L vs. Viamonte F.C. (Los Toldos)<\/p>\n","protected":false},"excerpt":{"rendered":"<p>El Consejo Federal dio a conocer los cruces para la siguiente etapa del torneo federal \u00abC\u00bb. Atl\u00e9tico por haber clasificado primero, no juega la 2da 1ra fase y su rival sale del cotejo que jugar\u00e1n SOMISA &#8211; Argentino de Pergamino. Los cotejos de ida est\u00e1n previstos para el d\u00eda 26 del corriente mes. Todos los [&hellip;]<\/p>\n","protected":false},"author":4,"featured_media":16353,"comment_status":"open","ping_status":"closed","sticky":false,"template":"","format":"standard","meta":{"om_disable_all_campaigns":false,"_jetpack_memberships_contains_paid_content":false,"footnotes":""},"categories":[5],"tags":[],"class_list":["post-16350","post","type-post","status-publish","format-standard","has-post-thumbnail","hentry","category-deportes"],"aioseo_notices":[],"gutentor_comment":0,"jetpack_featured_media_url":"https:\/\/eldiariodesanpedro.com.ar\/sitio\/wp-content\/uploads\/2017\/03\/Leonel-Camacho-defensor-de-Atl\u00e9tico.jpg","jetpack_shortlink":"https:\/\/wp.me\/p6RhLt-4fI","jetpack_sharing_enabled":true,"_links":{"self":[{"href":"https:\/\/eldiariodesanpedro.com.ar\/sitio\/wp-json\/wp\/v2\/posts\/16350","targetHints":{"allow":["GET"]}}],"collection":[{"href":"https:\/\/eldiariodesanpedro.com.ar\/sitio\/wp-json\/wp\/v2\/posts"}],"about":[{"href":"https:\/\/eldiariodesanpedro.com.ar\/sitio\/wp-json\/wp\/v2\/types\/post"}],"author":[{"embeddable":true,"href":"https:\/\/eldiariodesanpedro.com.ar\/sitio\/wp-json\/wp\/v2\/users\/4"}],"replies":[{"embeddable":true,"href":"https:\/\/eldiariodesanpedro.com.ar\/sitio\/wp-json\/wp\/v2\/comments?post=16350"}],"version-history":[{"count":1,"href":"https:\/\/eldiariodesanpedro.com.ar\/sitio\/wp-json\/wp\/v2\/posts\/16350\/revisions"}],"predecessor-version":[{"id":16352,"href":"https:\/\/eldiariodesanpedro.com.ar\/sitio\/wp-json\/wp\/v2\/posts\/16350\/revisions\/16352"}],"wp:featuredmedia":[{"embeddable":true,"href":"https:\/\/eldiariodesanpedro.com.ar\/sitio\/wp-json\/wp\/v2\/media\/16353"}],"wp:attachment":[{"href":"https:\/\/eldiariodesanpedro.com.ar\/sitio\/wp-json\/wp\/v2\/media?parent=16350"}],"wp:term":[{"taxonomy":"category","embeddable":true,"href":"https:\/\/eldiariodesanpedro.com.ar\/sitio\/wp-json\/wp\/v2\/categories?post=16350"},{"taxonomy":"post_tag","embeddable":true,"href":"https:\/\/eldiariodesanpedro.com.ar\/sitio\/wp-json\/wp\/v2\/tags?post=16350"}],"curies":[{"name":"wp","href":"https:\/\/api.w.org\/{rel}","templated":true}]}}