{"id":16349,"date":"2017-03-21T20:54:43","date_gmt":"2017-03-21T23:54:43","guid":{"rendered":"https:\/\/eldiariodesanpedro.com.ar\/sitio\/?p=16349"},"modified":"2017-03-21T20:54:43","modified_gmt":"2017-03-21T23:54:43","slug":"informe-de-los-trabajos-realizados-por-coopser","status":"publish","type":"post","link":"https:\/\/eldiariodesanpedro.com.ar\/sitio\/informe-de-los-trabajos-realizados-por-coopser\/","title":{"rendered":"Informe de los trabajos realizados por Coopser"},"content":{"rendered":"<p><!-- VideographyWP Plugin Message: Automatic video embedding prevented by plugin options. --><br \/>\nCoopser informa que sus cuadrillas se encuentran trabajando en la etapa final de las reparaciones, reemplazos y ajustes necesarios tras la tormenta de la semana pasada, que provoc\u00f3 da\u00f1os severos en la zona urbana y rural. <\/p>\n<p>Luego del operativo inicial, durante los \u00faltimos d\u00edas ,han proseguido tareas puntuales para recuperar la seguridad habitual en todo el servicio.<br \/>\nSe reemplazaron postes ca\u00eddos en derivaciones de Colonia Velaz, un troncal en Estancia San Manuel con  4 postes ca\u00eddos y una derivaci\u00f3n en zona Do\u00f1a In\u00e9s con 2 postes ca\u00eddos.<\/p>\n<p>Se normaliz\u00f3 la l\u00ednea de media tensi\u00f3n en los alimentadores 211 y 212 y el derivador de tr\u00e1nsito de Ruta 9 y Ruta 191.<\/p>\n<p>Adem\u00e1s se normaliz\u00f3 la l\u00ednea de baja tensi\u00f3n en 3 de Febrero y Humanes luego de la ca\u00edda de \u00e1rboles sobre los cables.<\/p>\n<p>En otro orden, una cuadrilla trabaj\u00f3 en el proyecto de la empresa San Pedro Arenas S.A. por la solicitud del aumento de potencia  y tendido de l\u00ednea a\u00e9rea preensamblada con un presupuesto aproximadamente 400 mil pesos.<\/p>\n","protected":false},"excerpt":{"rendered":"<p>Coopser informa que sus cuadrillas se encuentran trabajando en la etapa final de las reparaciones, reemplazos y ajustes necesarios tras la tormenta de la semana pasada, que provoc\u00f3 da\u00f1os severos en la zona urbana y rural. Luego del operativo inicial, durante los \u00faltimos d\u00edas ,han proseguido tareas puntuales para recuperar la seguridad habitual en todo [&hellip;]<\/p>\n","protected":false},"author":4,"featured_media":13883,"comment_status":"open","ping_status":"closed","sticky":false,"template":"","format":"standard","meta":{"om_disable_all_campaigns":false,"_jetpack_memberships_contains_paid_content":false,"footnotes":""},"categories":[101,2],"tags":[],"class_list":["post-16349","post","type-post","status-publish","format-standard","has-post-thumbnail","hentry","category-interes-general-locales","category-locales"],"aioseo_notices":[],"gutentor_comment":0,"jetpack_featured_media_url":"https:\/\/eldiariodesanpedro.com.ar\/sitio\/wp-content\/uploads\/2017\/02\/El-trabajo-de-una-de-las-cuadrillas-de-Coopser.jpg","jetpack_shortlink":"https:\/\/wp.me\/p6RhLt-4fH","jetpack_sharing_enabled":true,"_links":{"self":[{"href":"https:\/\/eldiariodesanpedro.com.ar\/sitio\/wp-json\/wp\/v2\/posts\/16349","targetHints":{"allow":["GET"]}}],"collection":[{"href":"https:\/\/eldiariodesanpedro.com.ar\/sitio\/wp-json\/wp\/v2\/posts"}],"about":[{"href":"https:\/\/eldiariodesanpedro.com.ar\/sitio\/wp-json\/wp\/v2\/types\/post"}],"author":[{"embeddable":true,"href":"https:\/\/eldiariodesanpedro.com.ar\/sitio\/wp-json\/wp\/v2\/users\/4"}],"replies":[{"embeddable":true,"href":"https:\/\/eldiariodesanpedro.com.ar\/sitio\/wp-json\/wp\/v2\/comments?post=16349"}],"version-history":[{"count":1,"href":"https:\/\/eldiariodesanpedro.com.ar\/sitio\/wp-json\/wp\/v2\/posts\/16349\/revisions"}],"predecessor-version":[{"id":16354,"href":"https:\/\/eldiariodesanpedro.com.ar\/sitio\/wp-json\/wp\/v2\/posts\/16349\/revisions\/16354"}],"wp:featuredmedia":[{"embeddable":true,"href":"https:\/\/eldiariodesanpedro.com.ar\/sitio\/wp-json\/wp\/v2\/media\/13883"}],"wp:attachment":[{"href":"https:\/\/eldiariodesanpedro.com.ar\/sitio\/wp-json\/wp\/v2\/media?parent=16349"}],"wp:term":[{"taxonomy":"category","embeddable":true,"href":"https:\/\/eldiariodesanpedro.com.ar\/sitio\/wp-json\/wp\/v2\/categories?post=16349"},{"taxonomy":"post_tag","embeddable":true,"href":"https:\/\/eldiariodesanpedro.com.ar\/sitio\/wp-json\/wp\/v2\/tags?post=16349"}],"curies":[{"name":"wp","href":"https:\/\/api.w.org\/{rel}","templated":true}]}}