{"id":16345,"date":"2017-03-21T18:50:30","date_gmt":"2017-03-21T21:50:30","guid":{"rendered":"https:\/\/eldiariodesanpedro.com.ar\/sitio\/?p=16345"},"modified":"2017-03-21T18:50:30","modified_gmt":"2017-03-21T21:50:30","slug":"baradero-posible-incendio-intencional-en-el-corralon-municipal","status":"publish","type":"post","link":"https:\/\/eldiariodesanpedro.com.ar\/sitio\/baradero-posible-incendio-intencional-en-el-corralon-municipal\/","title":{"rendered":"BARADERO: Posible incendio intencional en el Corral\u00f3n Municipal"},"content":{"rendered":"<p><!-- VideographyWP Plugin Message: Automatic video embedding prevented by plugin options. --><br \/>\nEn la madrugada del domingo, aproximadamente a las 01.20 Hs, se produjo un incendio en el Corral\u00f3n Municipal. Hasta el lugar concurrieron los bomberos voluntarios con dos dotaciones, quienes trabajaron por m\u00e1s de una hora, con el apoyo de maquinaria municipal para extinguir el fuego.<\/p>\n<p>El foco \u00edgneo, se gener\u00f3 en un sector donde se acumulan cubiertas en desuso y se sospecha que fue intencional por el tipo de material que entr\u00f3 en combusti\u00f3n  y la palabra de testigos.<\/p>\n<p>La denuncia la efectu\u00f3 Rene Deleglise, quien not\u00f3 una estela de humo proveniente de la zona por calle Rodr\u00edguez donde se tiran las cubiertas viejas y al acercarse m\u00e1s comprob\u00f3 que hab\u00eda fuego.<\/p>\n<p>Por dichos de algunos vecinos, los cuales no fueron identificados, aseguraron que vieron retirarse del lugar dos masculinos a bordo de una motocicleta de baja cilindrada de color gris.<\/p>\n<p>Este ser\u00eda el segundo incendio de caracter\u00edsticas, al menos sospechosas, que sufre el dep\u00f3sito de maquinaria, herramientas y talleres de la Municipalidad de Baradero. El primero ocurri\u00f3 en Febrero de 2016 donde el fuego destruy\u00f3 un patrullero que se encontraba en el lugar para ser reparado. (Baradro Te Informa)<\/p>\n","protected":false},"excerpt":{"rendered":"<p>En la madrugada del domingo, aproximadamente a las 01.20 Hs, se produjo un incendio en el Corral\u00f3n Municipal. Hasta el lugar concurrieron los bomberos voluntarios con dos dotaciones, quienes trabajaron por m\u00e1s de una hora, con el apoyo de maquinaria municipal para extinguir el fuego. El foco \u00edgneo, se gener\u00f3 en un sector donde se [&hellip;]<\/p>\n","protected":false},"author":4,"featured_media":16347,"comment_status":"open","ping_status":"closed","sticky":false,"template":"","format":"standard","meta":{"om_disable_all_campaigns":false,"_jetpack_memberships_contains_paid_content":false,"footnotes":""},"categories":[621],"tags":[],"class_list":["post-16345","post","type-post","status-publish","format-standard","has-post-thumbnail","hentry","category-regionales"],"aioseo_notices":[],"gutentor_comment":0,"jetpack_featured_media_url":"https:\/\/eldiariodesanpedro.com.ar\/sitio\/wp-content\/uploads\/2017\/03\/Posible-incendio-intencional-en-el-Corral\u00f3n-Municipal.jpg","jetpack_shortlink":"https:\/\/wp.me\/p6RhLt-4fD","jetpack_sharing_enabled":true,"_links":{"self":[{"href":"https:\/\/eldiariodesanpedro.com.ar\/sitio\/wp-json\/wp\/v2\/posts\/16345","targetHints":{"allow":["GET"]}}],"collection":[{"href":"https:\/\/eldiariodesanpedro.com.ar\/sitio\/wp-json\/wp\/v2\/posts"}],"about":[{"href":"https:\/\/eldiariodesanpedro.com.ar\/sitio\/wp-json\/wp\/v2\/types\/post"}],"author":[{"embeddable":true,"href":"https:\/\/eldiariodesanpedro.com.ar\/sitio\/wp-json\/wp\/v2\/users\/4"}],"replies":[{"embeddable":true,"href":"https:\/\/eldiariodesanpedro.com.ar\/sitio\/wp-json\/wp\/v2\/comments?post=16345"}],"version-history":[{"count":1,"href":"https:\/\/eldiariodesanpedro.com.ar\/sitio\/wp-json\/wp\/v2\/posts\/16345\/revisions"}],"predecessor-version":[{"id":16348,"href":"https:\/\/eldiariodesanpedro.com.ar\/sitio\/wp-json\/wp\/v2\/posts\/16345\/revisions\/16348"}],"wp:featuredmedia":[{"embeddable":true,"href":"https:\/\/eldiariodesanpedro.com.ar\/sitio\/wp-json\/wp\/v2\/media\/16347"}],"wp:attachment":[{"href":"https:\/\/eldiariodesanpedro.com.ar\/sitio\/wp-json\/wp\/v2\/media?parent=16345"}],"wp:term":[{"taxonomy":"category","embeddable":true,"href":"https:\/\/eldiariodesanpedro.com.ar\/sitio\/wp-json\/wp\/v2\/categories?post=16345"},{"taxonomy":"post_tag","embeddable":true,"href":"https:\/\/eldiariodesanpedro.com.ar\/sitio\/wp-json\/wp\/v2\/tags?post=16345"}],"curies":[{"name":"wp","href":"https:\/\/api.w.org\/{rel}","templated":true}]}}