{"id":16342,"date":"2017-03-21T18:49:07","date_gmt":"2017-03-21T21:49:07","guid":{"rendered":"https:\/\/eldiariodesanpedro.com.ar\/sitio\/?p=16342"},"modified":"2017-03-21T18:49:07","modified_gmt":"2017-03-21T21:49:07","slug":"san-nicolas-detuvieron-a-uno-de-los-autores-del-homicidio-de-penalba","status":"publish","type":"post","link":"https:\/\/eldiariodesanpedro.com.ar\/sitio\/san-nicolas-detuvieron-a-uno-de-los-autores-del-homicidio-de-penalba\/","title":{"rendered":"SAN NICOL\u00c1S: Detuvieron a uno de los autores del homicidio de Pe\u00f1alba"},"content":{"rendered":"<p><!-- VideographyWP Plugin Message: Automatic video embedding prevented by plugin options. --><br \/>\nEn las \u00faltimas horas, personal de la DDI local y Comisar\u00eda Primera efectivizaron una orden de allanamiento solicitada por la UFI N\u00b0 1 en un domicilio de calle Mendoza 466, de barrio Fraga.<\/p>\n<p>En el lugar se detuvo a Luciano Here\u00f1\u00fa Su\u00e1rez de 19 a\u00f1os a quien se le imputa el homicidio de H\u00e9ctor Pe\u00f1alba de 58 a\u00f1os.<\/p>\n<p>El Dr. Patricio Mujica D\u00edaz est\u00e1 tras los pasos de su c\u00f3mplice, tambi\u00e9n mayor de edad.<\/p>\n<p>La v\u00edctima fue acribillada en la v\u00eda p\u00fablica cuando volv\u00eda a su domicilio en bicicleta. Recibi\u00f3 al menos 8 balazos en su cuerpo. Fue asistido por la polic\u00eda y trasladado con vida hasta el hospital, pero horas despu\u00e9s falleci\u00f3.<\/p>\n<p>Pe\u00f1alba fue ultimado en la madrugada del s\u00e1bado en calle olleros entre Am\u00e9rica y Bustamante.<\/p>\n<p>Tambi\u00e9n se realiz\u00f3 un segundo allanamiento en una vivienda de calle 12 de Marzo 521, que ser\u00eda el domicilio del co autor del homicidio. All\u00ed se detuvo a Marco Su\u00e1rez y se secuestr\u00f3 una escopeta cal.16 y 23 cartuchos, como as\u00ed tambi\u00e9n prendas de vestir de similares caracter\u00edsticas a las usadas en el hecho. El imputado del hecho no estaba en el lugar. (Diario El Informante)<\/p>\n","protected":false},"excerpt":{"rendered":"<p>En las \u00faltimas horas, personal de la DDI local y Comisar\u00eda Primera efectivizaron una orden de allanamiento solicitada por la UFI N\u00b0 1 en un domicilio de calle Mendoza 466, de barrio Fraga. En el lugar se detuvo a Luciano Here\u00f1\u00fa Su\u00e1rez de 19 a\u00f1os a quien se le imputa el homicidio de H\u00e9ctor Pe\u00f1alba [&hellip;]<\/p>\n","protected":false},"author":4,"featured_media":16344,"comment_status":"open","ping_status":"closed","sticky":false,"template":"","format":"standard","meta":{"om_disable_all_campaigns":false,"_jetpack_memberships_contains_paid_content":false,"footnotes":""},"categories":[621],"tags":[],"class_list":["post-16342","post","type-post","status-publish","format-standard","has-post-thumbnail","hentry","category-regionales"],"aioseo_notices":[],"gutentor_comment":0,"jetpack_featured_media_url":"https:\/\/eldiariodesanpedro.com.ar\/sitio\/wp-content\/uploads\/2017\/03\/Detuvieron-a-uno-de-los-autores-del-homicidio-de-Pe\u00f1alba.jpg","jetpack_shortlink":"https:\/\/wp.me\/p6RhLt-4fA","jetpack_sharing_enabled":true,"_links":{"self":[{"href":"https:\/\/eldiariodesanpedro.com.ar\/sitio\/wp-json\/wp\/v2\/posts\/16342","targetHints":{"allow":["GET"]}}],"collection":[{"href":"https:\/\/eldiariodesanpedro.com.ar\/sitio\/wp-json\/wp\/v2\/posts"}],"about":[{"href":"https:\/\/eldiariodesanpedro.com.ar\/sitio\/wp-json\/wp\/v2\/types\/post"}],"author":[{"embeddable":true,"href":"https:\/\/eldiariodesanpedro.com.ar\/sitio\/wp-json\/wp\/v2\/users\/4"}],"replies":[{"embeddable":true,"href":"https:\/\/eldiariodesanpedro.com.ar\/sitio\/wp-json\/wp\/v2\/comments?post=16342"}],"version-history":[{"count":1,"href":"https:\/\/eldiariodesanpedro.com.ar\/sitio\/wp-json\/wp\/v2\/posts\/16342\/revisions"}],"predecessor-version":[{"id":16346,"href":"https:\/\/eldiariodesanpedro.com.ar\/sitio\/wp-json\/wp\/v2\/posts\/16342\/revisions\/16346"}],"wp:featuredmedia":[{"embeddable":true,"href":"https:\/\/eldiariodesanpedro.com.ar\/sitio\/wp-json\/wp\/v2\/media\/16344"}],"wp:attachment":[{"href":"https:\/\/eldiariodesanpedro.com.ar\/sitio\/wp-json\/wp\/v2\/media?parent=16342"}],"wp:term":[{"taxonomy":"category","embeddable":true,"href":"https:\/\/eldiariodesanpedro.com.ar\/sitio\/wp-json\/wp\/v2\/categories?post=16342"},{"taxonomy":"post_tag","embeddable":true,"href":"https:\/\/eldiariodesanpedro.com.ar\/sitio\/wp-json\/wp\/v2\/tags?post=16342"}],"curies":[{"name":"wp","href":"https:\/\/api.w.org\/{rel}","templated":true}]}}