{"id":16339,"date":"2017-03-21T18:47:10","date_gmt":"2017-03-21T21:47:10","guid":{"rendered":"https:\/\/eldiariodesanpedro.com.ar\/sitio\/?p=16339"},"modified":"2017-03-21T18:47:10","modified_gmt":"2017-03-21T21:47:10","slug":"inseguridad-zarate-marcho-a-la-municipalidad","status":"publish","type":"post","link":"https:\/\/eldiariodesanpedro.com.ar\/sitio\/inseguridad-zarate-marcho-a-la-municipalidad\/","title":{"rendered":"INSEGURIDAD: Z\u00e1rate march\u00f3 a la municipalidad"},"content":{"rendered":"<p><!-- VideographyWP Plugin Message: Automatic video embedding prevented by plugin options. --><br \/>\nTras la muerte de un joven de 28 a\u00f1os que muri\u00f3 apu\u00f1alado el pasado viernes al salir de un boliche, los vecinos marcharon hasta la puerta de la Municipalidad para exigir justicia.<\/p>\n<p>\u201cLos vecinos de Z\u00e1rate estamos expuestos cotidianamente a casos de inseguridad ante el abandono del Estado: un intendente que no da la cara mientras provincia y naci\u00f3n sigue actuando como si fueran oposici\u00f3n\u201d, se\u00f1al\u00f3 el Diputado provincial Marcelo Torres.<\/p>\n<p>Cabe destacar que la convocatoria a una \u201cmarcha pac\u00edfica\u201d fue realizada a trav\u00e9s de las redes sociales: \u201cno se puede vivir m\u00e1s as\u00ed, asumamos este compromiso como sociedad por esta causa noble \u00a1No m\u00e1s muertes absurdas!\u201d, se\u00f1alaba el texto que circul\u00f3 a trav\u00e9s de Facebook.<\/p>\n<p>Por su parte, el legislador insisti\u00f3 con la urgente creaci\u00f3n de una Asamblea Ciudadana que defina las pol\u00edticas de Seguridad en la ciudad de Z\u00e1rate.<\/p>\n<p>Se trata de una propuesta que surgi\u00f3 seis meses atr\u00e1s a partir del caso del carnicero zarate\u00f1o que atropell\u00f3 y mat\u00f3 a un ladr\u00f3n tras ser asaltado.<\/p>\n<p>\u201cEs evidente que el gobierno no est\u00e1 a la altura de las circunstancias, es por eso que queremos que las pol\u00edticas de seguridad ciudadana sean definidas por una asamblea democr\u00e1tica que incluya a todos los actores involucrados\u201d, explic\u00f3. (Latecla.info)<\/p>\n","protected":false},"excerpt":{"rendered":"<p>Tras la muerte de un joven de 28 a\u00f1os que muri\u00f3 apu\u00f1alado el pasado viernes al salir de un boliche, los vecinos marcharon hasta la puerta de la Municipalidad para exigir justicia. \u201cLos vecinos de Z\u00e1rate estamos expuestos cotidianamente a casos de inseguridad ante el abandono del Estado: un intendente que no da la cara [&hellip;]<\/p>\n","protected":false},"author":4,"featured_media":16341,"comment_status":"open","ping_status":"closed","sticky":false,"template":"","format":"standard","meta":{"om_disable_all_campaigns":false,"_jetpack_memberships_contains_paid_content":false,"footnotes":""},"categories":[621],"tags":[],"class_list":["post-16339","post","type-post","status-publish","format-standard","has-post-thumbnail","hentry","category-regionales"],"aioseo_notices":[],"gutentor_comment":0,"jetpack_featured_media_url":"https:\/\/eldiariodesanpedro.com.ar\/sitio\/wp-content\/uploads\/2017\/03\/La-marcha-realizada-en-Z\u00e1rate.jpg","jetpack_shortlink":"https:\/\/wp.me\/p6RhLt-4fx","jetpack_sharing_enabled":true,"_links":{"self":[{"href":"https:\/\/eldiariodesanpedro.com.ar\/sitio\/wp-json\/wp\/v2\/posts\/16339","targetHints":{"allow":["GET"]}}],"collection":[{"href":"https:\/\/eldiariodesanpedro.com.ar\/sitio\/wp-json\/wp\/v2\/posts"}],"about":[{"href":"https:\/\/eldiariodesanpedro.com.ar\/sitio\/wp-json\/wp\/v2\/types\/post"}],"author":[{"embeddable":true,"href":"https:\/\/eldiariodesanpedro.com.ar\/sitio\/wp-json\/wp\/v2\/users\/4"}],"replies":[{"embeddable":true,"href":"https:\/\/eldiariodesanpedro.com.ar\/sitio\/wp-json\/wp\/v2\/comments?post=16339"}],"version-history":[{"count":1,"href":"https:\/\/eldiariodesanpedro.com.ar\/sitio\/wp-json\/wp\/v2\/posts\/16339\/revisions"}],"predecessor-version":[{"id":16343,"href":"https:\/\/eldiariodesanpedro.com.ar\/sitio\/wp-json\/wp\/v2\/posts\/16339\/revisions\/16343"}],"wp:featuredmedia":[{"embeddable":true,"href":"https:\/\/eldiariodesanpedro.com.ar\/sitio\/wp-json\/wp\/v2\/media\/16341"}],"wp:attachment":[{"href":"https:\/\/eldiariodesanpedro.com.ar\/sitio\/wp-json\/wp\/v2\/media?parent=16339"}],"wp:term":[{"taxonomy":"category","embeddable":true,"href":"https:\/\/eldiariodesanpedro.com.ar\/sitio\/wp-json\/wp\/v2\/categories?post=16339"},{"taxonomy":"post_tag","embeddable":true,"href":"https:\/\/eldiariodesanpedro.com.ar\/sitio\/wp-json\/wp\/v2\/tags?post=16339"}],"curies":[{"name":"wp","href":"https:\/\/api.w.org\/{rel}","templated":true}]}}