{"id":16337,"date":"2017-03-21T18:45:14","date_gmt":"2017-03-21T21:45:14","guid":{"rendered":"https:\/\/eldiariodesanpedro.com.ar\/sitio\/?p=16337"},"modified":"2017-03-21T18:45:14","modified_gmt":"2017-03-21T21:45:14","slug":"negociaciones-por-la-deuda-entre-el-municipio-y-ashira","status":"publish","type":"post","link":"https:\/\/eldiariodesanpedro.com.ar\/sitio\/negociaciones-por-la-deuda-entre-el-municipio-y-ashira\/","title":{"rendered":"Negociaciones por la deuda entre el Municipio y Ashira"},"content":{"rendered":"<p><!-- VideographyWP Plugin Message: Automatic video embedding prevented by plugin options. --><br \/>\nEn el marco de las negociaciones que representantes del Ejecutivo Municipal realizan con la empresa que tiene a cargo de la recolecci\u00f3n de basura en el partido, para un nuevo contrato, se ha propuesto un plan de pago del dinero adeudado de administraciones anteriores.<\/p>\n<p>\u201cLe hemos propuesto refinanciar toda la deuda o parte de la duda al menos, para sanear la econom\u00eda del municipio\u201d, explic\u00f3 el Secretario de Econom\u00eda, Mario S\u00e1nchez Negrete.<\/p>\n<p>\u201cHemos sido contundentes\u201d afirm\u00f3 el funcionario y agreg\u00f3: \u201cHan aceptado que el ofrecimiento de la duda era pagarla a 10 a\u00f1os con una tasa accesible, que puede bajar o subir de acuerdo de acuerdo, y lo m\u00e1s importante es que habr\u00e1 una quita el 70% de los intereses\u201d.<\/p>\n<p>\u201cEsto es muy importante porque porque se est\u00e1 ahorrando cerca de $7.0000.00, creemos que es una buena negociaci\u00f3n que se estar\u00eda firmando los pr\u00f3ximos d\u00edas\u201d. Al tiempo que agreg\u00f3 que \u201cla cuota mensual rondar\u00eda los $500.000 mensuales\u201d.<\/p>\n<p>Seguidamente, el secretario de Legal y T\u00e9cnica, Ram\u00f3n Salazar, destac\u00f3 las tarea de S\u00e1nchez Negrete al frente de las negociaciones y dijo: \u201cTengamos en cuenta que esta deuda que se iba a pagar que se adquiri\u00f3 en gestiones anteriores en 10 a\u00f1os y con un quita el 70% de los intereses eso no es f\u00e1cil de conseguir\u201d.<\/p>\n","protected":false},"excerpt":{"rendered":"<p>En el marco de las negociaciones que representantes del Ejecutivo Municipal realizan con la empresa que tiene a cargo de la recolecci\u00f3n de basura en el partido, para un nuevo contrato, se ha propuesto un plan de pago del dinero adeudado de administraciones anteriores. \u201cLe hemos propuesto refinanciar toda la deuda o parte de la [&hellip;]<\/p>\n","protected":false},"author":4,"featured_media":16338,"comment_status":"open","ping_status":"closed","sticky":false,"template":"","format":"standard","meta":{"om_disable_all_campaigns":false,"_jetpack_memberships_contains_paid_content":false,"footnotes":""},"categories":[2,102],"tags":[],"class_list":["post-16337","post","type-post","status-publish","format-standard","has-post-thumbnail","hentry","category-locales","category-politica-locales"],"aioseo_notices":[],"gutentor_comment":0,"jetpack_featured_media_url":"https:\/\/eldiariodesanpedro.com.ar\/sitio\/wp-content\/uploads\/2017\/03\/sanchez-negrete.jpg","jetpack_shortlink":"https:\/\/wp.me\/p6RhLt-4fv","jetpack_sharing_enabled":true,"_links":{"self":[{"href":"https:\/\/eldiariodesanpedro.com.ar\/sitio\/wp-json\/wp\/v2\/posts\/16337","targetHints":{"allow":["GET"]}}],"collection":[{"href":"https:\/\/eldiariodesanpedro.com.ar\/sitio\/wp-json\/wp\/v2\/posts"}],"about":[{"href":"https:\/\/eldiariodesanpedro.com.ar\/sitio\/wp-json\/wp\/v2\/types\/post"}],"author":[{"embeddable":true,"href":"https:\/\/eldiariodesanpedro.com.ar\/sitio\/wp-json\/wp\/v2\/users\/4"}],"replies":[{"embeddable":true,"href":"https:\/\/eldiariodesanpedro.com.ar\/sitio\/wp-json\/wp\/v2\/comments?post=16337"}],"version-history":[{"count":1,"href":"https:\/\/eldiariodesanpedro.com.ar\/sitio\/wp-json\/wp\/v2\/posts\/16337\/revisions"}],"predecessor-version":[{"id":16340,"href":"https:\/\/eldiariodesanpedro.com.ar\/sitio\/wp-json\/wp\/v2\/posts\/16337\/revisions\/16340"}],"wp:featuredmedia":[{"embeddable":true,"href":"https:\/\/eldiariodesanpedro.com.ar\/sitio\/wp-json\/wp\/v2\/media\/16338"}],"wp:attachment":[{"href":"https:\/\/eldiariodesanpedro.com.ar\/sitio\/wp-json\/wp\/v2\/media?parent=16337"}],"wp:term":[{"taxonomy":"category","embeddable":true,"href":"https:\/\/eldiariodesanpedro.com.ar\/sitio\/wp-json\/wp\/v2\/categories?post=16337"},{"taxonomy":"post_tag","embeddable":true,"href":"https:\/\/eldiariodesanpedro.com.ar\/sitio\/wp-json\/wp\/v2\/tags?post=16337"}],"curies":[{"name":"wp","href":"https:\/\/api.w.org\/{rel}","templated":true}]}}