{"id":16332,"date":"2017-03-21T18:42:58","date_gmt":"2017-03-21T21:42:58","guid":{"rendered":"https:\/\/eldiariodesanpedro.com.ar\/sitio\/?p=16332"},"modified":"2017-03-21T18:42:58","modified_gmt":"2017-03-21T21:42:58","slug":"vacunas-que-deben-aplicarse-ninos-en-edad-escolar","status":"publish","type":"post","link":"https:\/\/eldiariodesanpedro.com.ar\/sitio\/vacunas-que-deben-aplicarse-ninos-en-edad-escolar\/","title":{"rendered":"Vacunas que deben aplicarse ni\u00f1os en edad escolar"},"content":{"rendered":"<p><!-- VideographyWP Plugin Message: Automatic video embedding prevented by plugin options. --><br \/>\nLa Secretar\u00eda de Salud de la Municipalidad de San Pedro \u00abrecuerda que es importante que todos los ni\u00f1os sean vacunados para protegerlos de enfermedades que pueden resultar graves\u00bb.<\/p>\n<p><strong>Los ni\u00f1os que tengan entre 5 y 6 a\u00f1os (ingreso escolar) deben recibir las siguientes vacunas:<\/strong><\/p>\n<p><strong>Polio:<\/strong> para prevenir la poliomielitis.<br \/>\n<strong>Triple viral<\/strong>: para prevenir el sarampi\u00f3n, la rub\u00e9ola y las paperas.<br \/>\n<strong>Triple bacteriana:<\/strong> para prevenir la difteria, el t\u00e9tanos y la tos convulsa.<\/p>\n<p>Por su parte, los preadolescentes son una poblaci\u00f3n vulnerable a enfermedades prevenibles e incluso pueden ser reservorios para la transmisi\u00f3n de enfermedades a ni\u00f1os peque\u00f1os. Esto genera la necesidad de reforzar, iniciar o completar esquemas de vacunaci\u00f3n.<\/p>\n<p><strong>A los 11 a\u00f1os debe aplicarse:<\/strong><\/p>\n<p><strong>Triple bacteriana acelular: <\/strong>para prevenir difteria, t\u00e9tanos y tos convulsa.<br \/>\n<strong>Vacuna contra el meningococo para prevenir la meningitis y la sepsis:<\/strong> Es una dosis \u00fanica desde enero de 2017.<br \/>\n<strong>Vacuna contra el VPH:<\/strong> para prevenir el c\u00e1ncer de cuello uterino y otras enfermedades relacionadas al VPH. El esquema es de dos dosis separadas al menos por 6 meses para ni\u00f1as y ni\u00f1os (a partir de enero de 2017).<br \/>\n<strong>Hepatitis B:<\/strong>  para prevenir la hepatitis B. Deben completar o iniciar el esquema.<br \/>\n<strong>Triple viral:<\/strong> para prevenir el sarampi\u00f3n, la rube\u00f3la y las paperas. Deben completar o iniciar el esquema.<\/p>\n","protected":false},"excerpt":{"rendered":"<p>La Secretar\u00eda de Salud de la Municipalidad de San Pedro \u00abrecuerda que es importante que todos los ni\u00f1os sean vacunados para protegerlos de enfermedades que pueden resultar graves\u00bb. Los ni\u00f1os que tengan entre 5 y 6 a\u00f1os (ingreso escolar) deben recibir las siguientes vacunas: Polio: para prevenir la poliomielitis. Triple viral: para prevenir el sarampi\u00f3n, [&hellip;]<\/p>\n","protected":false},"author":4,"featured_media":16335,"comment_status":"open","ping_status":"closed","sticky":false,"template":"","format":"standard","meta":{"om_disable_all_campaigns":false,"_jetpack_memberships_contains_paid_content":false,"footnotes":""},"categories":[101,2],"tags":[],"class_list":["post-16332","post","type-post","status-publish","format-standard","has-post-thumbnail","hentry","category-interes-general-locales","category-locales"],"aioseo_notices":[],"gutentor_comment":0,"jetpack_featured_media_url":"https:\/\/eldiariodesanpedro.com.ar\/sitio\/wp-content\/uploads\/2017\/03\/vacuna.jpg","jetpack_shortlink":"https:\/\/wp.me\/p6RhLt-4fq","jetpack_sharing_enabled":true,"_links":{"self":[{"href":"https:\/\/eldiariodesanpedro.com.ar\/sitio\/wp-json\/wp\/v2\/posts\/16332","targetHints":{"allow":["GET"]}}],"collection":[{"href":"https:\/\/eldiariodesanpedro.com.ar\/sitio\/wp-json\/wp\/v2\/posts"}],"about":[{"href":"https:\/\/eldiariodesanpedro.com.ar\/sitio\/wp-json\/wp\/v2\/types\/post"}],"author":[{"embeddable":true,"href":"https:\/\/eldiariodesanpedro.com.ar\/sitio\/wp-json\/wp\/v2\/users\/4"}],"replies":[{"embeddable":true,"href":"https:\/\/eldiariodesanpedro.com.ar\/sitio\/wp-json\/wp\/v2\/comments?post=16332"}],"version-history":[{"count":1,"href":"https:\/\/eldiariodesanpedro.com.ar\/sitio\/wp-json\/wp\/v2\/posts\/16332\/revisions"}],"predecessor-version":[{"id":16336,"href":"https:\/\/eldiariodesanpedro.com.ar\/sitio\/wp-json\/wp\/v2\/posts\/16332\/revisions\/16336"}],"wp:featuredmedia":[{"embeddable":true,"href":"https:\/\/eldiariodesanpedro.com.ar\/sitio\/wp-json\/wp\/v2\/media\/16335"}],"wp:attachment":[{"href":"https:\/\/eldiariodesanpedro.com.ar\/sitio\/wp-json\/wp\/v2\/media?parent=16332"}],"wp:term":[{"taxonomy":"category","embeddable":true,"href":"https:\/\/eldiariodesanpedro.com.ar\/sitio\/wp-json\/wp\/v2\/categories?post=16332"},{"taxonomy":"post_tag","embeddable":true,"href":"https:\/\/eldiariodesanpedro.com.ar\/sitio\/wp-json\/wp\/v2\/tags?post=16332"}],"curies":[{"name":"wp","href":"https:\/\/api.w.org\/{rel}","templated":true}]}}