{"id":16328,"date":"2017-03-21T18:38:04","date_gmt":"2017-03-21T21:38:04","guid":{"rendered":"https:\/\/eldiariodesanpedro.com.ar\/sitio\/?p=16328"},"modified":"2017-03-21T18:38:04","modified_gmt":"2017-03-21T21:38:04","slug":"la-ayuda-escolar-a-mas-de-62-millones-de-ninos-y-adolescentes","status":"publish","type":"post","link":"https:\/\/eldiariodesanpedro.com.ar\/sitio\/la-ayuda-escolar-a-mas-de-62-millones-de-ninos-y-adolescentes\/","title":{"rendered":"La Ayuda Escolar a m\u00e1s de 6,2 millones de ni\u00f1os y adolescentes"},"content":{"rendered":"<p><!-- VideographyWP Plugin Message: Automatic video embedding prevented by plugin options. --><br \/>\nLa ANSES informa que, con el calendario habitual de pagos de marzo, abona la Asignaci\u00f3n Familiar por Ayuda Escolar Anual a 6.209.206 ni\u00f1os y adolescentes. La inversi\u00f3n destinada por parte del organismo previsional es de $6.586.512.480.<\/p>\n<p>El monto general es de $1043 y la cobran las familias cuyo ingreso grupal no supere los $73.608 y ninguno de los padres individualmente supere los $36.804.<\/p>\n<p>Quienes no hayan percibido la prestaci\u00f3n en forma autom\u00e1tica deben solicitarla en la ANSES, previo turno en www.anses.gob.ar.<br \/>\nPara presentar el certificado de acreditaci\u00f3n de escolaridad del a\u00f1o en curso tienen tiempo hasta el pr\u00f3ximo 31 de diciembre.<\/p>\n<p><strong>Grupos de pago para ma\u00f1ana<\/strong><br \/>\nJubilados y pensionados cuyos haberes superan los $7266 y sus documentos terminan en 0 y 1.<br \/>\nTitulares de la Prestaci\u00f3n por Desempleo -Plan 1- cuyos documentos terminan en 0 y 1.<br \/>\nLos calendarios de pagos de todas las prestaciones pueden consultarse en www.anses.gob.ar.  <\/p>\n","protected":false},"excerpt":{"rendered":"<p>La ANSES informa que, con el calendario habitual de pagos de marzo, abona la Asignaci\u00f3n Familiar por Ayuda Escolar Anual a 6.209.206 ni\u00f1os y adolescentes. La inversi\u00f3n destinada por parte del organismo previsional es de $6.586.512.480. El monto general es de $1043 y la cobran las familias cuyo ingreso grupal no supere los $73.608 y [&hellip;]<\/p>\n","protected":false},"author":4,"featured_media":5359,"comment_status":"open","ping_status":"closed","sticky":false,"template":"","format":"standard","meta":{"om_disable_all_campaigns":false,"_jetpack_memberships_contains_paid_content":false,"footnotes":""},"categories":[101,2],"tags":[],"class_list":["post-16328","post","type-post","status-publish","format-standard","has-post-thumbnail","hentry","category-interes-general-locales","category-locales"],"aioseo_notices":[],"gutentor_comment":0,"jetpack_featured_media_url":"https:\/\/eldiariodesanpedro.com.ar\/sitio\/wp-content\/uploads\/2016\/06\/anses.jpg","jetpack_shortlink":"https:\/\/wp.me\/p6RhLt-4fm","jetpack_sharing_enabled":true,"_links":{"self":[{"href":"https:\/\/eldiariodesanpedro.com.ar\/sitio\/wp-json\/wp\/v2\/posts\/16328","targetHints":{"allow":["GET"]}}],"collection":[{"href":"https:\/\/eldiariodesanpedro.com.ar\/sitio\/wp-json\/wp\/v2\/posts"}],"about":[{"href":"https:\/\/eldiariodesanpedro.com.ar\/sitio\/wp-json\/wp\/v2\/types\/post"}],"author":[{"embeddable":true,"href":"https:\/\/eldiariodesanpedro.com.ar\/sitio\/wp-json\/wp\/v2\/users\/4"}],"replies":[{"embeddable":true,"href":"https:\/\/eldiariodesanpedro.com.ar\/sitio\/wp-json\/wp\/v2\/comments?post=16328"}],"version-history":[{"count":1,"href":"https:\/\/eldiariodesanpedro.com.ar\/sitio\/wp-json\/wp\/v2\/posts\/16328\/revisions"}],"predecessor-version":[{"id":16330,"href":"https:\/\/eldiariodesanpedro.com.ar\/sitio\/wp-json\/wp\/v2\/posts\/16328\/revisions\/16330"}],"wp:featuredmedia":[{"embeddable":true,"href":"https:\/\/eldiariodesanpedro.com.ar\/sitio\/wp-json\/wp\/v2\/media\/5359"}],"wp:attachment":[{"href":"https:\/\/eldiariodesanpedro.com.ar\/sitio\/wp-json\/wp\/v2\/media?parent=16328"}],"wp:term":[{"taxonomy":"category","embeddable":true,"href":"https:\/\/eldiariodesanpedro.com.ar\/sitio\/wp-json\/wp\/v2\/categories?post=16328"},{"taxonomy":"post_tag","embeddable":true,"href":"https:\/\/eldiariodesanpedro.com.ar\/sitio\/wp-json\/wp\/v2\/tags?post=16328"}],"curies":[{"name":"wp","href":"https:\/\/api.w.org\/{rel}","templated":true}]}}