{"id":16318,"date":"2017-03-21T11:07:40","date_gmt":"2017-03-21T14:07:40","guid":{"rendered":"https:\/\/eldiariodesanpedro.com.ar\/sitio\/?p=16318"},"modified":"2017-03-21T11:07:40","modified_gmt":"2017-03-21T14:07:40","slug":"masiva-caravana-docente-por-las-calles-centricas-de-la-ciudad","status":"publish","type":"post","link":"https:\/\/eldiariodesanpedro.com.ar\/sitio\/masiva-caravana-docente-por-las-calles-centricas-de-la-ciudad\/","title":{"rendered":"Masiva caravana docente por las calles c\u00e9ntricas de la ciudad"},"content":{"rendered":"<p><!-- VideographyWP Plugin Message: Automatic video embedding prevented by plugin options. --><br \/>\nDurante la ma\u00f1ana de hoy se desarrollo una caravana docente con una gran convocatoria que recorri\u00f3 las calles c\u00e9ntricas de la ciudad como continuidad de las manifestaciones en reclamo del aumento de salario en el marco del paro nacional que se desarrolla hoy y que lleva 12 d\u00edas sin clases. <\/p>\n<p>El recorrido se inicio desde la Plazoleta Fray Cayetano Rodriguez y continuo por diferentes calles c\u00e9ntricas pasando por el Consejo Escolar y varias escuelas publicas.<\/p>\n<p>Los docentes se movilizaron en bicicletas, motos y autos; ademas portaban banderas alusivas al reclamo de las paritarias y los gremios que representan.<\/p>\n<div class=\"fb-video\" data-allowfullscreen=\"true\" data-href=\"https:\/\/www.facebook.com\/eldiario.desanpedro\/videos\/590055057870304\/\" style=\"background-color: #fff; display: inline-block;\"><\/div>\n","protected":false},"excerpt":{"rendered":"<p>Durante la ma\u00f1ana de hoy se desarrollo una caravana docente con una gran convocatoria que recorri\u00f3 las calles c\u00e9ntricas de la ciudad como continuidad de las manifestaciones en reclamo del aumento de salario en el marco del paro nacional que se desarrolla hoy y que lleva 12 d\u00edas sin clases. El recorrido se inicio desde [&hellip;]<\/p>\n","protected":false},"author":4,"featured_media":16319,"comment_status":"open","ping_status":"closed","sticky":false,"template":"","format":"standard","meta":{"om_disable_all_campaigns":false,"_jetpack_memberships_contains_paid_content":false,"footnotes":""},"categories":[50,101,2],"tags":[],"class_list":["post-16318","post","type-post","status-publish","format-standard","has-post-thumbnail","hentry","category-destacadas","category-interes-general-locales","category-locales"],"aioseo_notices":[],"gutentor_comment":0,"jetpack_featured_media_url":"https:\/\/eldiariodesanpedro.com.ar\/sitio\/wp-content\/uploads\/2017\/03\/Bicicletea-2.jpeg","jetpack_shortlink":"https:\/\/wp.me\/p6RhLt-4fc","jetpack_sharing_enabled":true,"_links":{"self":[{"href":"https:\/\/eldiariodesanpedro.com.ar\/sitio\/wp-json\/wp\/v2\/posts\/16318","targetHints":{"allow":["GET"]}}],"collection":[{"href":"https:\/\/eldiariodesanpedro.com.ar\/sitio\/wp-json\/wp\/v2\/posts"}],"about":[{"href":"https:\/\/eldiariodesanpedro.com.ar\/sitio\/wp-json\/wp\/v2\/types\/post"}],"author":[{"embeddable":true,"href":"https:\/\/eldiariodesanpedro.com.ar\/sitio\/wp-json\/wp\/v2\/users\/4"}],"replies":[{"embeddable":true,"href":"https:\/\/eldiariodesanpedro.com.ar\/sitio\/wp-json\/wp\/v2\/comments?post=16318"}],"version-history":[{"count":1,"href":"https:\/\/eldiariodesanpedro.com.ar\/sitio\/wp-json\/wp\/v2\/posts\/16318\/revisions"}],"predecessor-version":[{"id":16320,"href":"https:\/\/eldiariodesanpedro.com.ar\/sitio\/wp-json\/wp\/v2\/posts\/16318\/revisions\/16320"}],"wp:featuredmedia":[{"embeddable":true,"href":"https:\/\/eldiariodesanpedro.com.ar\/sitio\/wp-json\/wp\/v2\/media\/16319"}],"wp:attachment":[{"href":"https:\/\/eldiariodesanpedro.com.ar\/sitio\/wp-json\/wp\/v2\/media?parent=16318"}],"wp:term":[{"taxonomy":"category","embeddable":true,"href":"https:\/\/eldiariodesanpedro.com.ar\/sitio\/wp-json\/wp\/v2\/categories?post=16318"},{"taxonomy":"post_tag","embeddable":true,"href":"https:\/\/eldiariodesanpedro.com.ar\/sitio\/wp-json\/wp\/v2\/tags?post=16318"}],"curies":[{"name":"wp","href":"https:\/\/api.w.org\/{rel}","templated":true}]}}