{"id":16315,"date":"2017-03-21T10:52:27","date_gmt":"2017-03-21T13:52:27","guid":{"rendered":"https:\/\/eldiariodesanpedro.com.ar\/sitio\/?p=16315"},"modified":"2017-03-21T10:52:27","modified_gmt":"2017-03-21T13:52:27","slug":"21-de-marzo-dia-mundial-del-sindrome-de-down","status":"publish","type":"post","link":"https:\/\/eldiariodesanpedro.com.ar\/sitio\/21-de-marzo-dia-mundial-del-sindrome-de-down\/","title":{"rendered":"21 de Marzo: D\u00eda Mundial del S\u00edndrome de Down"},"content":{"rendered":"<p><!-- VideographyWP Plugin Message: Automatic video embedding prevented by plugin options. --><br \/>\nEl 21 de marzo es el D\u00eda Mundial del S\u00edndrome de Down. Se trata de una ocasi\u00f3n para concientizar sobre lo que podemos hacer como sociedad, \u201cya que trabajar por ellos y para ellos nos hace mejores personas\u201d, define el Dr. Fernando Burgos, jefe del Servicio ambulatorio pedi\u00e1trico y coordinador de la Cl\u00ednica Interdisciplinaria de ni\u00f1os con s\u00edndrome de Down del Hospital Universitario Austral.<\/p>\n<p>\u201cHace unos 20 a\u00f1os atr\u00e1s comenc\u00e9 como m\u00e9dico residente en el Hospital de Ni\u00f1os Sor Mar\u00eda Ludovica de La Plata, en unas de mis primeras guardias tuve la oportunidad de que un ni\u00f1o con S\u00edndrome de Down y su familia me ense\u00f1aran a ver la vida y mi profesi\u00f3n de otra manera. Si bien algunos a\u00f1os m\u00e1s tarde en el Hospital Austral muchas otras familias se sumaron a nuestros pacientes \u2018especiales\u2019, aquella primera me demostr\u00f3 que desde la debilidad una persona puede hacerse fuerte y ser multiplicadora de energ\u00eda y optimismo; y sobre todo me impulsaron a mirar a todos los ni\u00f1os con los mismos ojos\u201d, detalla el especialista.<\/p>\n<p>Este \u201cmirar a todos con los mismos ojos\u201d, inclusive a aquellos con capacidades diferentes, hizo que este m\u00e9dico comprendiera que cada uno de ellos marca diferencias sublimes en sus familias: la diferencia de privilegiar a sus padres con el solo hecho de ser hijos y con una fuerza interior que va m\u00e1s all\u00e1 de cualquier publicaci\u00f3n m\u00e9dica.<\/p>\n<p>\u201c\u2018La persona con s\u00edndrome de Down es, ante todo y por encima de todo, una rica realidad intr\u00ednsecamente humana\u2019. Esta frase del Dr. Jes\u00fas Florez, m\u00e9dico genetista espa\u00f1ol y referente del s\u00edndrome de Down, se acerca a la visi\u00f3n que tenemos en el Austral sobre la asistencia y atenci\u00f3n de estos pacientes desde el a\u00f1o 2004 cuando comenzamos con la cl\u00ednica interdisciplinaria. Esto es as\u00ed, aunque debemos aceptar que en el s\u00edndrome de Down existe una desviaci\u00f3n biol\u00f3gica -la trisom\u00eda del cromosoma 21- que acarrea una serie de consecuencias an\u00f3malas en el desarrollo y funci\u00f3n de diversos \u00f3rganos y aparatos del cuerpo humano\u201d, refiere Burgos.<\/p>\n<p>Entre los \u00f3rganos m\u00e1s com\u00fanmente afectados se encuentran el cerebro y el coraz\u00f3n, raz\u00f3n por la cual, seg\u00fan Burgos, es importante reconocer que determinadas expresiones de la vida y funci\u00f3n de estos \u00f3rganos se desv\u00edan de la normalidad ya sea en su dimensi\u00f3n cognitiva, en la del comportamiento, en la capacidad de adaptaci\u00f3n, en la habilidad comunicativa, o en el \u201cfuncionamiento\u201d (hipertensi\u00f3n pulmonar, insuficiencia cardiaca, etc.).<\/p>\n<p>\u201cAceptar esto como algo normal pero simplemente distinto no nos lleva a ninguna parte y nos aleja de realizar una intervenci\u00f3n oportuna. Es decir, si la exploraci\u00f3n ecogr\u00e1fica de un reci\u00e9n nacido con s\u00edndrome de Down nos demuestra que padece una cardiopat\u00eda cong\u00e9nita, nuestra respuesta inmediata es operarla para corregirla\u201d, detalla.<\/p>\n<p>Por otro lado, la ciencia nos demuestra que estructuras cerebrales como el hipocampo, la corteza pre frontal, o el cerebelo de las personas con S\u00edndrome de Down presentan alteraciones de tama\u00f1o o de organizaci\u00f3n cuando se las compara con las del resto de la poblaci\u00f3n.<\/p>\n<p>\u201cPor eso, lo l\u00f3gico es analizar qu\u00e9 consecuencias derivan de esto en el terreno del comportamiento y la conducta, la capacidad cognitiva, el lenguaje o el habla, con la finalidad de mejorarlas: conocer al s\u00edndrome de Down es poder darle la mejor calidad de vida de estos ni\u00f1os\u201d, completa, agregando que el Hospital Austral trabaja de manera interdisciplinaria desde el diagn\u00f3stico prenatal, conformando un equipo donde cada uno de los profesionales de la salud est\u00e1 comprometido a darle lo mejor a estos pacientes y a sus familias.<\/p>\n","protected":false},"excerpt":{"rendered":"<p>El 21 de marzo es el D\u00eda Mundial del S\u00edndrome de Down. Se trata de una ocasi\u00f3n para concientizar sobre lo que podemos hacer como sociedad, \u201cya que trabajar por ellos y para ellos nos hace mejores personas\u201d, define el Dr. Fernando Burgos, jefe del Servicio ambulatorio pedi\u00e1trico y coordinador de la Cl\u00ednica Interdisciplinaria de [&hellip;]<\/p>\n","protected":false},"author":4,"featured_media":16316,"comment_status":"open","ping_status":"closed","sticky":false,"template":"","format":"standard","meta":{"om_disable_all_campaigns":false,"_jetpack_memberships_contains_paid_content":false,"footnotes":""},"categories":[50],"tags":[],"class_list":["post-16315","post","type-post","status-publish","format-standard","has-post-thumbnail","hentry","category-destacadas"],"aioseo_notices":[],"gutentor_comment":0,"jetpack_featured_media_url":"https:\/\/eldiariodesanpedro.com.ar\/sitio\/wp-content\/uploads\/2017\/03\/Sindromededown.jpg","jetpack_shortlink":"https:\/\/wp.me\/p6RhLt-4f9","jetpack_sharing_enabled":true,"_links":{"self":[{"href":"https:\/\/eldiariodesanpedro.com.ar\/sitio\/wp-json\/wp\/v2\/posts\/16315","targetHints":{"allow":["GET"]}}],"collection":[{"href":"https:\/\/eldiariodesanpedro.com.ar\/sitio\/wp-json\/wp\/v2\/posts"}],"about":[{"href":"https:\/\/eldiariodesanpedro.com.ar\/sitio\/wp-json\/wp\/v2\/types\/post"}],"author":[{"embeddable":true,"href":"https:\/\/eldiariodesanpedro.com.ar\/sitio\/wp-json\/wp\/v2\/users\/4"}],"replies":[{"embeddable":true,"href":"https:\/\/eldiariodesanpedro.com.ar\/sitio\/wp-json\/wp\/v2\/comments?post=16315"}],"version-history":[{"count":1,"href":"https:\/\/eldiariodesanpedro.com.ar\/sitio\/wp-json\/wp\/v2\/posts\/16315\/revisions"}],"predecessor-version":[{"id":16317,"href":"https:\/\/eldiariodesanpedro.com.ar\/sitio\/wp-json\/wp\/v2\/posts\/16315\/revisions\/16317"}],"wp:featuredmedia":[{"embeddable":true,"href":"https:\/\/eldiariodesanpedro.com.ar\/sitio\/wp-json\/wp\/v2\/media\/16316"}],"wp:attachment":[{"href":"https:\/\/eldiariodesanpedro.com.ar\/sitio\/wp-json\/wp\/v2\/media?parent=16315"}],"wp:term":[{"taxonomy":"category","embeddable":true,"href":"https:\/\/eldiariodesanpedro.com.ar\/sitio\/wp-json\/wp\/v2\/categories?post=16315"},{"taxonomy":"post_tag","embeddable":true,"href":"https:\/\/eldiariodesanpedro.com.ar\/sitio\/wp-json\/wp\/v2\/tags?post=16315"}],"curies":[{"name":"wp","href":"https:\/\/api.w.org\/{rel}","templated":true}]}}