{"id":16309,"date":"2017-03-21T10:02:02","date_gmt":"2017-03-21T13:02:02","guid":{"rendered":"https:\/\/eldiariodesanpedro.com.ar\/sitio\/?p=16309"},"modified":"2017-03-21T10:32:34","modified_gmt":"2017-03-21T13:32:34","slug":"fue-encontrado-maximiliano-garcia","status":"publish","type":"post","link":"https:\/\/eldiariodesanpedro.com.ar\/sitio\/fue-encontrado-maximiliano-garcia\/","title":{"rendered":"Fue encontrado Maximiliano Garcia"},"content":{"rendered":"<p><!-- VideographyWP Plugin Message: Automatic video embedding prevented by plugin options. --><br \/>\nEn la ma\u00f1ana de hoy fue encontrado Maximiliano Garcia de 30 a\u00f1os de edad quien se hab\u00eda ausentado de su domicilio la semana pasado, el Jefe distrital, Fabi\u00e1n Gallo inform\u00f3 que lo localizaron en la zona de la Bajada de Chavez por calle Saavedra donde estaba circulando en su bicicleta y fue identificado por un vecino de la zona quien lo retuvo mientras se comunico con la polic\u00eda. <\/p>\n<p>El joven fue encontrado en buen estado de salud y fue trasladado a la comisaria local donde se reencontr\u00f3 con su padre, seg\u00fan se pudo constatar venia desde la Buena Moza donde permaneci\u00f3 durante 4 d\u00edas. <\/p>\n","protected":false},"excerpt":{"rendered":"<p>En la ma\u00f1ana de hoy fue encontrado Maximiliano Garcia de 30 a\u00f1os de edad quien se hab\u00eda ausentado de su domicilio la semana pasado, el Jefe distrital, Fabi\u00e1n Gallo inform\u00f3 que lo localizaron en la zona de la Bajada de Chavez por calle Saavedra donde estaba circulando en su bicicleta y fue identificado por un [&hellip;]<\/p>\n","protected":false},"author":4,"featured_media":16310,"comment_status":"open","ping_status":"closed","sticky":false,"template":"","format":"standard","meta":{"om_disable_all_campaigns":false,"_jetpack_memberships_contains_paid_content":false,"footnotes":""},"categories":[50,101,2],"tags":[],"class_list":["post-16309","post","type-post","status-publish","format-standard","has-post-thumbnail","hentry","category-destacadas","category-interes-general-locales","category-locales"],"aioseo_notices":[],"gutentor_comment":0,"jetpack_featured_media_url":"https:\/\/eldiariodesanpedro.com.ar\/sitio\/wp-content\/uploads\/2017\/03\/Maximiliano-Garcia.jpg","jetpack_shortlink":"https:\/\/wp.me\/p6RhLt-4f3","jetpack_sharing_enabled":true,"_links":{"self":[{"href":"https:\/\/eldiariodesanpedro.com.ar\/sitio\/wp-json\/wp\/v2\/posts\/16309","targetHints":{"allow":["GET"]}}],"collection":[{"href":"https:\/\/eldiariodesanpedro.com.ar\/sitio\/wp-json\/wp\/v2\/posts"}],"about":[{"href":"https:\/\/eldiariodesanpedro.com.ar\/sitio\/wp-json\/wp\/v2\/types\/post"}],"author":[{"embeddable":true,"href":"https:\/\/eldiariodesanpedro.com.ar\/sitio\/wp-json\/wp\/v2\/users\/4"}],"replies":[{"embeddable":true,"href":"https:\/\/eldiariodesanpedro.com.ar\/sitio\/wp-json\/wp\/v2\/comments?post=16309"}],"version-history":[{"count":3,"href":"https:\/\/eldiariodesanpedro.com.ar\/sitio\/wp-json\/wp\/v2\/posts\/16309\/revisions"}],"predecessor-version":[{"id":16314,"href":"https:\/\/eldiariodesanpedro.com.ar\/sitio\/wp-json\/wp\/v2\/posts\/16309\/revisions\/16314"}],"wp:featuredmedia":[{"embeddable":true,"href":"https:\/\/eldiariodesanpedro.com.ar\/sitio\/wp-json\/wp\/v2\/media\/16310"}],"wp:attachment":[{"href":"https:\/\/eldiariodesanpedro.com.ar\/sitio\/wp-json\/wp\/v2\/media?parent=16309"}],"wp:term":[{"taxonomy":"category","embeddable":true,"href":"https:\/\/eldiariodesanpedro.com.ar\/sitio\/wp-json\/wp\/v2\/categories?post=16309"},{"taxonomy":"post_tag","embeddable":true,"href":"https:\/\/eldiariodesanpedro.com.ar\/sitio\/wp-json\/wp\/v2\/tags?post=16309"}],"curies":[{"name":"wp","href":"https:\/\/api.w.org\/{rel}","templated":true}]}}