{"id":16306,"date":"2017-03-21T09:38:38","date_gmt":"2017-03-21T12:38:38","guid":{"rendered":"https:\/\/eldiariodesanpedro.com.ar\/sitio\/?p=16306"},"modified":"2017-03-21T09:39:34","modified_gmt":"2017-03-21T12:39:34","slug":"se-detuvo-un-camionero-quien-esquivo-un-control-y-llevaba-un-arma-de-fuego","status":"publish","type":"post","link":"https:\/\/eldiariodesanpedro.com.ar\/sitio\/se-detuvo-un-camionero-quien-esquivo-un-control-y-llevaba-un-arma-de-fuego\/","title":{"rendered":"Se detuvo un camionero quien esquivo un control y llevaba un arma de fuego"},"content":{"rendered":"<p><!-- VideographyWP Plugin Message: Automatic video embedding prevented by plugin options. --><br \/>\nEn el d\u00eda de ayer a las 20:00 hs personal policial de R\u00edo Tala realizo un operativo de interceptaci\u00f3n vehicular sobre la ruta nacional 9 en el km 152 donde un cami\u00f3n Mercedez Benz 1634 con dominio EMY416 color blanco con semiremolque tipo t\u00e9rmico con dominio EVA311 evadi\u00f3 dicho control, siendo perseguido y juntamente con el personal de polic\u00eda de Alsina se lo logro detener en el km 129 de esa ruta, se logro identificar al conductor constatando que en la guantera del rodado llevaba un arma de fuego tipo revolver calibre 38 sin documentaci\u00f3n, secuestrandose la misma y al conductor trasladandolo a la comisaria local donde permanece alojado.<\/p>\n","protected":false},"excerpt":{"rendered":"<p>En el d\u00eda de ayer a las 20:00 hs personal policial de R\u00edo Tala realizo un operativo de interceptaci\u00f3n vehicular sobre la ruta nacional 9 en el km 152 donde un cami\u00f3n Mercedez Benz 1634 con dominio EMY416 color blanco con semiremolque tipo t\u00e9rmico con dominio EVA311 evadi\u00f3 dicho control, siendo perseguido y juntamente con [&hellip;]<\/p>\n","protected":false},"author":4,"featured_media":16167,"comment_status":"open","ping_status":"closed","sticky":false,"template":"","format":"standard","meta":{"om_disable_all_campaigns":false,"_jetpack_memberships_contains_paid_content":false,"footnotes":""},"categories":[2,103],"tags":[],"class_list":["post-16306","post","type-post","status-publish","format-standard","has-post-thumbnail","hentry","category-locales","category-policiales-locales"],"aioseo_notices":[],"gutentor_comment":0,"jetpack_featured_media_url":"https:\/\/eldiariodesanpedro.com.ar\/sitio\/wp-content\/uploads\/2017\/03\/camioneta-policia-e1496177955798.jpg","jetpack_shortlink":"https:\/\/wp.me\/p6RhLt-4f0","jetpack_sharing_enabled":true,"_links":{"self":[{"href":"https:\/\/eldiariodesanpedro.com.ar\/sitio\/wp-json\/wp\/v2\/posts\/16306","targetHints":{"allow":["GET"]}}],"collection":[{"href":"https:\/\/eldiariodesanpedro.com.ar\/sitio\/wp-json\/wp\/v2\/posts"}],"about":[{"href":"https:\/\/eldiariodesanpedro.com.ar\/sitio\/wp-json\/wp\/v2\/types\/post"}],"author":[{"embeddable":true,"href":"https:\/\/eldiariodesanpedro.com.ar\/sitio\/wp-json\/wp\/v2\/users\/4"}],"replies":[{"embeddable":true,"href":"https:\/\/eldiariodesanpedro.com.ar\/sitio\/wp-json\/wp\/v2\/comments?post=16306"}],"version-history":[{"count":2,"href":"https:\/\/eldiariodesanpedro.com.ar\/sitio\/wp-json\/wp\/v2\/posts\/16306\/revisions"}],"predecessor-version":[{"id":16308,"href":"https:\/\/eldiariodesanpedro.com.ar\/sitio\/wp-json\/wp\/v2\/posts\/16306\/revisions\/16308"}],"wp:featuredmedia":[{"embeddable":true,"href":"https:\/\/eldiariodesanpedro.com.ar\/sitio\/wp-json\/wp\/v2\/media\/16167"}],"wp:attachment":[{"href":"https:\/\/eldiariodesanpedro.com.ar\/sitio\/wp-json\/wp\/v2\/media?parent=16306"}],"wp:term":[{"taxonomy":"category","embeddable":true,"href":"https:\/\/eldiariodesanpedro.com.ar\/sitio\/wp-json\/wp\/v2\/categories?post=16306"},{"taxonomy":"post_tag","embeddable":true,"href":"https:\/\/eldiariodesanpedro.com.ar\/sitio\/wp-json\/wp\/v2\/tags?post=16306"}],"curies":[{"name":"wp","href":"https:\/\/api.w.org\/{rel}","templated":true}]}}