{"id":16299,"date":"2017-03-21T09:05:56","date_gmt":"2017-03-21T12:05:56","guid":{"rendered":"https:\/\/eldiariodesanpedro.com.ar\/sitio\/?p=16299"},"modified":"2017-03-21T11:11:42","modified_gmt":"2017-03-21T14:11:42","slug":"grave-accidente-con-un-joven-de-16-anos-de-edad-con-riesgo-de-vida","status":"publish","type":"post","link":"https:\/\/eldiariodesanpedro.com.ar\/sitio\/grave-accidente-con-un-joven-de-16-anos-de-edad-con-riesgo-de-vida\/","title":{"rendered":"Grave accidente, un joven de 16 a\u00f1os de edad con riesgo de vida"},"content":{"rendered":"<p><!-- VideographyWP Plugin Message: Automatic video embedding prevented by plugin options. --><br \/>\nEn la noche de ayer alrededor de las 20:00 hs se produjo un grave accidente de tr\u00e1nsito en la Av. 11 de septiembre al 1800 donde fue involucrado una motocicleta en la que circulaban dos menores de edad, el que conduc\u00eda de 16 a\u00f1os Julian Troche quien era acompa\u00f1ado de un amigo de 14 a\u00f1os quienes colisionaron con un volquete. <\/p>\n<p>La ambulancia del servicio 107 traslado a los dos j\u00f3venes quienes presentaban p\u00e9rdida de conocimiento. Al llegar a la guardia del hospital Emilio Ruffa se pudo constatar que el joven de 16 a\u00f1os de edad presentaba un traumatismo de cr\u00e1neo severo y con perdida de conocimiento sin recuperar y teniendo que ponerle respirador artificial, luego de realizarle estudios se pudo determinar que presentaba una fractura de base de cr\u00e1neo. Siendo derivado debido a la gravedad al hospital de Jun\u00edn donde continua en terapia intensiva. <\/p>\n<p>Por su parte el acompa\u00f1ante de 14 a\u00f1os de edad presentaba un traumatismo de cr\u00e1neo tambi\u00e9n con perdida de conocimiento el cual sigue internado en observaci\u00f3n en el nosocomio local. Los dos individuos no llevaban cascos. <\/p>\n","protected":false},"excerpt":{"rendered":"<p>En la noche de ayer alrededor de las 20:00 hs se produjo un grave accidente de tr\u00e1nsito en la Av. 11 de septiembre al 1800 donde fue involucrado una motocicleta en la que circulaban dos menores de edad, el que conduc\u00eda de 16 a\u00f1os Julian Troche quien era acompa\u00f1ado de un amigo de 14 a\u00f1os [&hellip;]<\/p>\n","protected":false},"author":4,"featured_media":16301,"comment_status":"open","ping_status":"closed","sticky":false,"template":"","format":"standard","meta":{"om_disable_all_campaigns":false,"_jetpack_memberships_contains_paid_content":false,"footnotes":""},"categories":[50,2,103],"tags":[],"class_list":["post-16299","post","type-post","status-publish","format-standard","has-post-thumbnail","hentry","category-destacadas","category-locales","category-policiales-locales"],"aioseo_notices":[],"gutentor_comment":0,"jetpack_featured_media_url":"https:\/\/eldiariodesanpedro.com.ar\/sitio\/wp-content\/uploads\/2017\/03\/IMG_20170321_090444.jpg","jetpack_shortlink":"https:\/\/wp.me\/p6RhLt-4eT","jetpack_sharing_enabled":true,"_links":{"self":[{"href":"https:\/\/eldiariodesanpedro.com.ar\/sitio\/wp-json\/wp\/v2\/posts\/16299","targetHints":{"allow":["GET"]}}],"collection":[{"href":"https:\/\/eldiariodesanpedro.com.ar\/sitio\/wp-json\/wp\/v2\/posts"}],"about":[{"href":"https:\/\/eldiariodesanpedro.com.ar\/sitio\/wp-json\/wp\/v2\/types\/post"}],"author":[{"embeddable":true,"href":"https:\/\/eldiariodesanpedro.com.ar\/sitio\/wp-json\/wp\/v2\/users\/4"}],"replies":[{"embeddable":true,"href":"https:\/\/eldiariodesanpedro.com.ar\/sitio\/wp-json\/wp\/v2\/comments?post=16299"}],"version-history":[{"count":5,"href":"https:\/\/eldiariodesanpedro.com.ar\/sitio\/wp-json\/wp\/v2\/posts\/16299\/revisions"}],"predecessor-version":[{"id":16321,"href":"https:\/\/eldiariodesanpedro.com.ar\/sitio\/wp-json\/wp\/v2\/posts\/16299\/revisions\/16321"}],"wp:featuredmedia":[{"embeddable":true,"href":"https:\/\/eldiariodesanpedro.com.ar\/sitio\/wp-json\/wp\/v2\/media\/16301"}],"wp:attachment":[{"href":"https:\/\/eldiariodesanpedro.com.ar\/sitio\/wp-json\/wp\/v2\/media?parent=16299"}],"wp:term":[{"taxonomy":"category","embeddable":true,"href":"https:\/\/eldiariodesanpedro.com.ar\/sitio\/wp-json\/wp\/v2\/categories?post=16299"},{"taxonomy":"post_tag","embeddable":true,"href":"https:\/\/eldiariodesanpedro.com.ar\/sitio\/wp-json\/wp\/v2\/tags?post=16299"}],"curies":[{"name":"wp","href":"https:\/\/api.w.org\/{rel}","templated":true}]}}