{"id":16295,"date":"2017-03-21T08:16:45","date_gmt":"2017-03-21T11:16:45","guid":{"rendered":"https:\/\/eldiariodesanpedro.com.ar\/sitio\/?p=16295"},"modified":"2017-03-21T08:19:51","modified_gmt":"2017-03-21T11:19:51","slug":"una-persona-detenida-por-un-hecho-de-homicidio-culposo-en-el-2015","status":"publish","type":"post","link":"https:\/\/eldiariodesanpedro.com.ar\/sitio\/una-persona-detenida-por-un-hecho-de-homicidio-culposo-en-el-2015\/","title":{"rendered":"Una persona detenida por un hecho de homicidio culposo en el 2015"},"content":{"rendered":"<p><!-- VideographyWP Plugin Message: Automatic video embedding prevented by plugin options. --><br \/>\nSe procedi\u00f3 a la aprehensi\u00f3n por parte de la polic\u00eda de la comisar\u00eda de nuestra ciudad. <\/p>\n<p>Ocurri\u00f3 alrededor de las 16:00 en la intersecci\u00f3n de Av. 11 de septiembre y Ayacucho,donde luego de ser identificado se pudo averiguar que el hombre de 55 a\u00f1os ten\u00eda pedido de captura vigente con fecha 28 de diciembre de 2015, por un hecho de homicidio culposo agravado. <\/p>\n<p>Fue trasladado a la sede policial y luego a declarar frente al magistrado. <\/p>\n","protected":false},"excerpt":{"rendered":"<p>Se procedi\u00f3 a la aprehensi\u00f3n por parte de la polic\u00eda de la comisar\u00eda de nuestra ciudad. Ocurri\u00f3 alrededor de las 16:00 en la intersecci\u00f3n de Av. 11 de septiembre y Ayacucho,donde luego de ser identificado se pudo averiguar que el hombre de 55 a\u00f1os ten\u00eda pedido de captura vigente con fecha 28 de diciembre de [&hellip;]<\/p>\n","protected":false},"author":4,"featured_media":4713,"comment_status":"open","ping_status":"closed","sticky":false,"template":"","format":"standard","meta":{"om_disable_all_campaigns":false,"_jetpack_memberships_contains_paid_content":false,"footnotes":""},"categories":[2,103],"tags":[],"class_list":["post-16295","post","type-post","status-publish","format-standard","has-post-thumbnail","hentry","category-locales","category-policiales-locales"],"aioseo_notices":[],"gutentor_comment":0,"jetpack_featured_media_url":"https:\/\/eldiariodesanpedro.com.ar\/sitio\/wp-content\/uploads\/2016\/05\/detenido.jpg","jetpack_shortlink":"https:\/\/wp.me\/p6RhLt-4eP","jetpack_sharing_enabled":true,"_links":{"self":[{"href":"https:\/\/eldiariodesanpedro.com.ar\/sitio\/wp-json\/wp\/v2\/posts\/16295","targetHints":{"allow":["GET"]}}],"collection":[{"href":"https:\/\/eldiariodesanpedro.com.ar\/sitio\/wp-json\/wp\/v2\/posts"}],"about":[{"href":"https:\/\/eldiariodesanpedro.com.ar\/sitio\/wp-json\/wp\/v2\/types\/post"}],"author":[{"embeddable":true,"href":"https:\/\/eldiariodesanpedro.com.ar\/sitio\/wp-json\/wp\/v2\/users\/4"}],"replies":[{"embeddable":true,"href":"https:\/\/eldiariodesanpedro.com.ar\/sitio\/wp-json\/wp\/v2\/comments?post=16295"}],"version-history":[{"count":3,"href":"https:\/\/eldiariodesanpedro.com.ar\/sitio\/wp-json\/wp\/v2\/posts\/16295\/revisions"}],"predecessor-version":[{"id":16298,"href":"https:\/\/eldiariodesanpedro.com.ar\/sitio\/wp-json\/wp\/v2\/posts\/16295\/revisions\/16298"}],"wp:featuredmedia":[{"embeddable":true,"href":"https:\/\/eldiariodesanpedro.com.ar\/sitio\/wp-json\/wp\/v2\/media\/4713"}],"wp:attachment":[{"href":"https:\/\/eldiariodesanpedro.com.ar\/sitio\/wp-json\/wp\/v2\/media?parent=16295"}],"wp:term":[{"taxonomy":"category","embeddable":true,"href":"https:\/\/eldiariodesanpedro.com.ar\/sitio\/wp-json\/wp\/v2\/categories?post=16295"},{"taxonomy":"post_tag","embeddable":true,"href":"https:\/\/eldiariodesanpedro.com.ar\/sitio\/wp-json\/wp\/v2\/tags?post=16295"}],"curies":[{"name":"wp","href":"https:\/\/api.w.org\/{rel}","templated":true}]}}