{"id":16282,"date":"2017-03-20T20:19:35","date_gmt":"2017-03-20T23:19:35","guid":{"rendered":"https:\/\/eldiariodesanpedro.com.ar\/sitio\/?p=16282"},"modified":"2026-01-24T00:30:44","modified_gmt":"2026-01-24T03:30:44","slug":"en-el-rincon-de-salto-los-sampedrinos-se-destacaron-en-karting","status":"publish","type":"post","link":"https:\/\/eldiariodesanpedro.com.ar\/sitio\/en-el-rincon-de-salto-los-sampedrinos-se-destacaron-en-karting\/","title":{"rendered":"En el Rincon de Salto los sampedrinos se destacaron en Karting"},"content":{"rendered":"<p><!-- VideographyWP Plugin Message: Automatic video embedding prevented by plugin options. --><br \/>\nLa actividad de este fin de semana fue \u00fanicamente del norbak de FEDENOR. Inicio su temporada 2017 en el circuito el Rinc\u00f3n de Salto, en el cual estuvieron presentes tres sampedrinos como Julian Bastia, Gonzalo Beneduchi y Edgardo Puntin en la divisional 150 supermaster.<\/p>\n<p>El primero, pinto el numero 5 en su karting para este a\u00f1o y tuvo una primer final en la que en la largada se le cortaba el acelerador. Ya en la segunda carrera terminaba cuarto despu\u00e9s de largar ultimo, logrando una gran remontada. A su vez existieron distintos tipos de inconvenientes en el chasis durante toda la actividad; siendo motivo de revisaci\u00f3n y mejoramiento para la siguiente fecha.<\/p>\n<p>Gonzalo, hab\u00eda logrado culminar en la en la ubicaci\u00f3n quinta para la primera competencia y en la siguiente llego en la segunda posici\u00f3n, pero fue excluido por t\u00e9cnica por problemas en la compresi\u00f3n.<\/p>\n<p>El otro piloto, de apellido familiar en el karting, cerro su fin de semana con un podio ya que logro finalizar en la tercera posici\u00f3n, despu\u00e9s de haber volcado y el equipo trabajado para poder largar dicha final.<\/p>\n","protected":false},"excerpt":{"rendered":"<p>La actividad de este fin de semana fue \u00fanicamente del norbak de FEDENOR. Inicio su temporada 2017 en el circuito el Rinc\u00f3n de Salto, en el cual estuvieron presentes tres sampedrinos como Julian Bastia, Gonzalo Beneduchi y Edgardo Puntin en la divisional 150 supermaster. El primero, pinto el numero 5 en su karting para este [&hellip;]<\/p>\n","protected":false},"author":4,"featured_media":16283,"comment_status":"open","ping_status":"closed","sticky":false,"template":"","format":"standard","meta":{"om_disable_all_campaigns":false,"_jetpack_memberships_contains_paid_content":false,"footnotes":""},"categories":[5],"tags":[],"class_list":["post-16282","post","type-post","status-publish","format-standard","has-post-thumbnail","hentry","category-deportes"],"aioseo_notices":[],"gutentor_comment":0,"jetpack_featured_media_url":"https:\/\/eldiariodesanpedro.com.ar\/sitio\/wp-content\/uploads\/2017\/03\/Karting-1-e1490051955605.jpg","jetpack_shortlink":"https:\/\/wp.me\/p6RhLt-4eC","jetpack_sharing_enabled":true,"_links":{"self":[{"href":"https:\/\/eldiariodesanpedro.com.ar\/sitio\/wp-json\/wp\/v2\/posts\/16282","targetHints":{"allow":["GET"]}}],"collection":[{"href":"https:\/\/eldiariodesanpedro.com.ar\/sitio\/wp-json\/wp\/v2\/posts"}],"about":[{"href":"https:\/\/eldiariodesanpedro.com.ar\/sitio\/wp-json\/wp\/v2\/types\/post"}],"author":[{"embeddable":true,"href":"https:\/\/eldiariodesanpedro.com.ar\/sitio\/wp-json\/wp\/v2\/users\/4"}],"replies":[{"embeddable":true,"href":"https:\/\/eldiariodesanpedro.com.ar\/sitio\/wp-json\/wp\/v2\/comments?post=16282"}],"version-history":[{"count":1,"href":"https:\/\/eldiariodesanpedro.com.ar\/sitio\/wp-json\/wp\/v2\/posts\/16282\/revisions"}],"predecessor-version":[{"id":16284,"href":"https:\/\/eldiariodesanpedro.com.ar\/sitio\/wp-json\/wp\/v2\/posts\/16282\/revisions\/16284"}],"wp:featuredmedia":[{"embeddable":true,"href":"https:\/\/eldiariodesanpedro.com.ar\/sitio\/wp-json\/wp\/v2\/media\/16283"}],"wp:attachment":[{"href":"https:\/\/eldiariodesanpedro.com.ar\/sitio\/wp-json\/wp\/v2\/media?parent=16282"}],"wp:term":[{"taxonomy":"category","embeddable":true,"href":"https:\/\/eldiariodesanpedro.com.ar\/sitio\/wp-json\/wp\/v2\/categories?post=16282"},{"taxonomy":"post_tag","embeddable":true,"href":"https:\/\/eldiariodesanpedro.com.ar\/sitio\/wp-json\/wp\/v2\/tags?post=16282"}],"curies":[{"name":"wp","href":"https:\/\/api.w.org\/{rel}","templated":true}]}}