{"id":16281,"date":"2017-03-20T20:23:30","date_gmt":"2017-03-20T23:23:30","guid":{"rendered":"https:\/\/eldiariodesanpedro.com.ar\/sitio\/?p=16281"},"modified":"2017-03-20T20:23:30","modified_gmt":"2017-03-20T23:23:30","slug":"el-stm-levanto-el-paro-pero-ate-sigue-con-la-medida-de-fuerza","status":"publish","type":"post","link":"https:\/\/eldiariodesanpedro.com.ar\/sitio\/el-stm-levanto-el-paro-pero-ate-sigue-con-la-medida-de-fuerza\/","title":{"rendered":"EL STM levant\u00f3 el paro pero ATE sigue con la medida de fuerza"},"content":{"rendered":"<p><!-- VideographyWP Plugin Message: Automatic video embedding prevented by plugin options. --><br \/>\nEn la tarde de hoy se llev\u00f3 a cabo una nueva asamblea de afiliados al Sindicato de Trabajadores Municipales donde se decidi\u00f3 levantar la medida de fuerza que originalmente era de 48 hs. La iniciativa tiene como objetivo recomponer el di\u00e1logo y encaminar nuevamente las negociaciones paritarias que se cortaron el viernes pasado. <\/p>\n<p>En tanto que agentes pertenecientes a la Asociaci\u00f3n de Trabajadores del Estado votaron continuar hasta ma\u00f1ana el paro. <\/p>\n<p><strong>Cruces entres autoridades municipales y gremialistas  <\/strong><\/p>\n<p>El Secretario de Gobierno Silvio Corti afirm\u00f3 que \u201cel acatamiento del 5%\u201d y a trav\u00e9s de \u201cLa Radio 92.3\u201d afirm\u00f3: \u201cEs un fracaso total, aqu\u00ed no ha pasado nada, est\u00e1 el municipio funcionando en forma normal en todas sus \u00e1reas\u201d.<\/p>\n<p>Al tiempo que agreg\u00f3: \u201csin desconocer que es necesario continuar avanzando en recomponer los salarios de los trabajadores municipales, la dirigencia est\u00e1 pensando en una cosa totalmente distinta\u201d. \u201cHay un sector que est\u00e1 representando a los trabajadores municipales, que est\u00e1n viendo otra pel\u00edcula\u201d, asever\u00f3.<\/p>\n<p>En tanto el Intendente Salazar en persona se present\u00f3 en el Corral\u00f3n Municipal para dialogar con los trabajadores que se presentaron a trabajar.<\/p>\n<p>La medida de fuerza que comenz\u00f3 este lunes, cuenta con trabajadores que adhirieron a la medida, mientras que otras no.<\/p>\n<p>Juan Cruz Acosta, del Sindicato de Trabajadores Municipales neg\u00f3, a trav\u00e9s de \u201cLa Radio 92.3\u201d que la medida de fuerza \u201csea un fracaso\u201d (como lo hab\u00eda manifestado Corti tambi\u00e9n a trav\u00e9s de la emisora) y asever\u00f3: \u201cHay una cosa que es real amenazaron en todas las \u00e1reas a todos los compa\u00f1eros\u201d.<\/p>\n<p>\u201cSabemos que hay mucho personal que no est\u00e1n jornalizados, que tienen decretos o son temporarios, que no pueden hacer paro\u201d, sostuvo.<br \/>\n\u201cA nadie le alcanza lo que ganamos\u201d y \u201clo que nos ofrecen es una miseria\u201d, \u201ctodos los trabajadores pidieron el 20% en dos cuotas\u201d, afirm\u00f3.<\/p>\n<p>Al tiempo que dijo no tener una cifra sobre el acatamiento pero que las \u201clocalidades, el cementerio e inspecci\u00f3n\u201d, estaban totalmente parados.<\/p>\n<p>Y por \u00faltimo afirm\u00f3: \u201cMuchos trabajadores est\u00e1n trabajando por el miedo que han impuesto\u201d.<\/p>\n","protected":false},"excerpt":{"rendered":"<p>En la tarde de hoy se llev\u00f3 a cabo una nueva asamblea de afiliados al Sindicato de Trabajadores Municipales donde se decidi\u00f3 levantar la medida de fuerza que originalmente era de 48 hs. La iniciativa tiene como objetivo recomponer el di\u00e1logo y encaminar nuevamente las negociaciones paritarias que se cortaron el viernes pasado. En tanto [&hellip;]<\/p>\n","protected":false},"author":4,"featured_media":16286,"comment_status":"open","ping_status":"closed","sticky":false,"template":"","format":"standard","meta":{"om_disable_all_campaigns":false,"_jetpack_memberships_contains_paid_content":false,"footnotes":""},"categories":[50,2,102],"tags":[],"class_list":["post-16281","post","type-post","status-publish","format-standard","has-post-thumbnail","hentry","category-destacadas","category-locales","category-politica-locales"],"aioseo_notices":[],"gutentor_comment":0,"jetpack_featured_media_url":"https:\/\/eldiariodesanpedro.com.ar\/sitio\/wp-content\/uploads\/2017\/03\/EL-STM-levant\u00f3-el-paro-pero-ATE-sigue-con-la-medida-de-fuerza.jpg","jetpack_shortlink":"https:\/\/wp.me\/p6RhLt-4eB","jetpack_sharing_enabled":true,"_links":{"self":[{"href":"https:\/\/eldiariodesanpedro.com.ar\/sitio\/wp-json\/wp\/v2\/posts\/16281","targetHints":{"allow":["GET"]}}],"collection":[{"href":"https:\/\/eldiariodesanpedro.com.ar\/sitio\/wp-json\/wp\/v2\/posts"}],"about":[{"href":"https:\/\/eldiariodesanpedro.com.ar\/sitio\/wp-json\/wp\/v2\/types\/post"}],"author":[{"embeddable":true,"href":"https:\/\/eldiariodesanpedro.com.ar\/sitio\/wp-json\/wp\/v2\/users\/4"}],"replies":[{"embeddable":true,"href":"https:\/\/eldiariodesanpedro.com.ar\/sitio\/wp-json\/wp\/v2\/comments?post=16281"}],"version-history":[{"count":1,"href":"https:\/\/eldiariodesanpedro.com.ar\/sitio\/wp-json\/wp\/v2\/posts\/16281\/revisions"}],"predecessor-version":[{"id":16290,"href":"https:\/\/eldiariodesanpedro.com.ar\/sitio\/wp-json\/wp\/v2\/posts\/16281\/revisions\/16290"}],"wp:featuredmedia":[{"embeddable":true,"href":"https:\/\/eldiariodesanpedro.com.ar\/sitio\/wp-json\/wp\/v2\/media\/16286"}],"wp:attachment":[{"href":"https:\/\/eldiariodesanpedro.com.ar\/sitio\/wp-json\/wp\/v2\/media?parent=16281"}],"wp:term":[{"taxonomy":"category","embeddable":true,"href":"https:\/\/eldiariodesanpedro.com.ar\/sitio\/wp-json\/wp\/v2\/categories?post=16281"},{"taxonomy":"post_tag","embeddable":true,"href":"https:\/\/eldiariodesanpedro.com.ar\/sitio\/wp-json\/wp\/v2\/tags?post=16281"}],"curies":[{"name":"wp","href":"https:\/\/api.w.org\/{rel}","templated":true}]}}