{"id":16277,"date":"2017-03-20T20:08:04","date_gmt":"2017-03-20T23:08:04","guid":{"rendered":"https:\/\/eldiariodesanpedro.com.ar\/sitio\/?p=16277"},"modified":"2017-03-20T20:24:53","modified_gmt":"2017-03-20T23:24:53","slug":"suspenden-la-retencion-por-prestamos-que-hacen-los-gremios-a-traves-de-un-decreto-firmado-por-salazar","status":"publish","type":"post","link":"https:\/\/eldiariodesanpedro.com.ar\/sitio\/suspenden-la-retencion-por-prestamos-que-hacen-los-gremios-a-traves-de-un-decreto-firmado-por-salazar\/","title":{"rendered":"Suspenden la retenci\u00f3n por pr\u00e9stamos que hacen los gremios a trav\u00e9s de un decreto firmado por Salazar"},"content":{"rendered":"<p><!-- VideographyWP Plugin Message: Automatic video embedding prevented by plugin options. --><br \/>\n\u201cCuando llegamos al gobierno hab\u00eda trabajadores que sufr\u00edan descuentos hasta el 100% del sueldo, o sea que el resultado de su trabajo era cero. Ten\u00edan convenios con los sindicatos, ten\u00edan pr\u00e9stamos y lamentablemente no pod\u00edan cobrar su sueldo\u201d, explic\u00f3 el Secretario de Legal y T\u00e9cnica, Dr. Ram\u00f3n Salazar.<\/p>\n<p>\u201cNosotros lo hicimos que inmediatamente fue reducir eso en los primeros tres meses a un 40% como m\u00e1ximo de retenci\u00f3n, despu\u00e9s se redujo al 20%\u201d, asever\u00f3 luego.<\/p>\n<p>\u201cPero teniendo en cuenta la situaci\u00f3n del trabajador que es real, que est\u00e1 sufriendo los aumentos\u201d, se determin\u00f3 \u201csuspender por 90 d\u00edas esa retenci\u00f3n que se hac\u00eda del 20%, o sea que el trabajador que ten\u00eda pr\u00e9stamos este mes, se va a cobrar el 100% del sueldo\u201d, sostuvo.<\/p>\n<p><strong>Textualmente el decreto 0338-2017 expresa:<\/strong><\/p>\n<p>\u201cCONSIDERANDO: Que el Decreto 0154-2016 estableci\u00f3 el marco normativo que asegure el cumplimiento de los fines que se han tenido en cuenta para la implementaci\u00f3n de los c\u00f3digos de descuentos;<br \/>\nQue los gremios municipales est\u00e1 exigiendo un importante aumento de salarios que excede lo que el Municipio puede afrontar;<br \/>\nQue el Municipio ha propuesto un aumento salarial para los trabajadores municipales que contempla el aumento del costo de vida;<br \/>\nQue mensualmente, los empleados municipales, ven disminuidos sus ingresos por descuentos que realizan los Sindicatos por anticipos y\/o pr\u00e9stamos y\/o compras que realizan los empleados en comercios adheridos;<br \/>\nQue, a fin de lograr que los empleados municipales puedan percibir el 100% de sus ingresos con excepci\u00f3n de las retenciones obligatorias, se considera conveniente suspender la aplicaci\u00f3n del presente Decreto por el plazo de 90 (noventa) d\u00edas;<br \/>\nPor todo lo que;<\/p>\n<p>EL SE\u00d1OR INTENDENTE MUNICIPAL DE SAN PEDRO EN USO DE SUS ATRIBUCIONES<br \/>\nDECRETA<\/p>\n<p>Art. 1\u00b0.- Susp\u00e9ndase por 90 (noventa) d\u00edas la aplicaci\u00f3n del Decreto 0154-2016 con relaci\u00f3n a los c\u00f3digos de descuento voluntarios.-<br \/>\nArt. 2\u00b0.- El presente decreto ser\u00e1 refrendado por los Se\u00f1ores Secretarios de Gobierno y Econom\u00eda y Hacienda. Art 3\u00b0.- Comun\u00edquese, d\u00e9se al Registro Oficial, Publ\u00edquese en el Bolet\u00edn Oficial, seg\u00fan Art\u00edculo 108\u00b0, Inc. 18, de la Ley Org\u00e1nica de las Municipalidades y Arch\u00edvese.<\/p>\n<p><a href=\"https:\/\/eldiariodesanpedro.com.ar\/sitio\/wp-content\/uploads\/2017\/03\/El-decreto-que-formaliza-la-medida.jpg\"><img decoding=\"async\" data-attachment-id=\"16278\" data-permalink=\"https:\/\/eldiariodesanpedro.com.ar\/sitio\/suspenden-la-retencion-por-prestamos-que-hacen-los-gremios-a-traves-de-un-decreto-firmado-por-salazar\/el-decreto-que-formaliza-la-medida\/\" data-orig-file=\"https:\/\/eldiariodesanpedro.com.ar\/sitio\/wp-content\/uploads\/2017\/03\/El-decreto-que-formaliza-la-medida.jpg\" data-orig-size=\"777,1280\" data-comments-opened=\"1\" data-image-meta=\"{&quot;aperture&quot;:&quot;0&quot;,&quot;credit&quot;:&quot;&quot;,&quot;camera&quot;:&quot;&quot;,&quot;caption&quot;:&quot;&quot;,&quot;created_timestamp&quot;:&quot;0&quot;,&quot;copyright&quot;:&quot;&quot;,&quot;focal_length&quot;:&quot;0&quot;,&quot;iso&quot;:&quot;0&quot;,&quot;shutter_speed&quot;:&quot;0&quot;,&quot;title&quot;:&quot;&quot;,&quot;orientation&quot;:&quot;0&quot;}\" data-image-title=\"El decreto que formaliza la medida\" data-image-description=\"\" data-image-caption=\"\" data-large-file=\"https:\/\/eldiariodesanpedro.com.ar\/sitio\/wp-content\/uploads\/2017\/03\/El-decreto-que-formaliza-la-medida-622x1024.jpg\" data-src=\"https:\/\/eldiariodesanpedro.com.ar\/sitio\/wp-content\/uploads\/2017\/03\/El-decreto-que-formaliza-la-medida-182x300.jpg\" alt=\"\" width=\"182\" height=\"300\" class=\"alignnone size-medium wp-image-16278 lazyload\" data-srcset=\"https:\/\/eldiariodesanpedro.com.ar\/sitio\/wp-content\/uploads\/2017\/03\/El-decreto-que-formaliza-la-medida-182x300.jpg 182w, https:\/\/eldiariodesanpedro.com.ar\/sitio\/wp-content\/uploads\/2017\/03\/El-decreto-que-formaliza-la-medida-768x1265.jpg 768w, https:\/\/eldiariodesanpedro.com.ar\/sitio\/wp-content\/uploads\/2017\/03\/El-decreto-que-formaliza-la-medida-622x1024.jpg 622w, https:\/\/eldiariodesanpedro.com.ar\/sitio\/wp-content\/uploads\/2017\/03\/El-decreto-que-formaliza-la-medida.jpg 777w\" data-sizes=\"(max-width: 182px) 100vw, 182px\" src=\"data:image\/svg+xml;base64,PHN2ZyB3aWR0aD0iMSIgaGVpZ2h0PSIxIiB4bWxucz0iaHR0cDovL3d3dy53My5vcmcvMjAwMC9zdmciPjwvc3ZnPg==\" style=\"--smush-placeholder-width: 182px; --smush-placeholder-aspect-ratio: 182\/300;\" \/><\/a><\/p>\n","protected":false},"excerpt":{"rendered":"<p>\u201cCuando llegamos al gobierno hab\u00eda trabajadores que sufr\u00edan descuentos hasta el 100% del sueldo, o sea que el resultado de su trabajo era cero. Ten\u00edan convenios con los sindicatos, ten\u00edan pr\u00e9stamos y lamentablemente no pod\u00edan cobrar su sueldo\u201d, explic\u00f3 el Secretario de Legal y T\u00e9cnica, Dr. Ram\u00f3n Salazar. \u201cNosotros lo hicimos que inmediatamente fue reducir [&hellip;]<\/p>\n","protected":false},"author":4,"featured_media":16289,"comment_status":"open","ping_status":"closed","sticky":false,"template":"","format":"standard","meta":{"om_disable_all_campaigns":false,"_jetpack_memberships_contains_paid_content":false,"footnotes":""},"categories":[50,2,102],"tags":[],"class_list":["post-16277","post","type-post","status-publish","format-standard","has-post-thumbnail","hentry","category-destacadas","category-locales","category-politica-locales"],"aioseo_notices":[],"gutentor_comment":0,"jetpack_featured_media_url":"https:\/\/eldiariodesanpedro.com.ar\/sitio\/wp-content\/uploads\/2017\/03\/DSC_0031-e1490052212456.jpg","jetpack_shortlink":"https:\/\/wp.me\/p6RhLt-4ex","jetpack_sharing_enabled":true,"_links":{"self":[{"href":"https:\/\/eldiariodesanpedro.com.ar\/sitio\/wp-json\/wp\/v2\/posts\/16277","targetHints":{"allow":["GET"]}}],"collection":[{"href":"https:\/\/eldiariodesanpedro.com.ar\/sitio\/wp-json\/wp\/v2\/posts"}],"about":[{"href":"https:\/\/eldiariodesanpedro.com.ar\/sitio\/wp-json\/wp\/v2\/types\/post"}],"author":[{"embeddable":true,"href":"https:\/\/eldiariodesanpedro.com.ar\/sitio\/wp-json\/wp\/v2\/users\/4"}],"replies":[{"embeddable":true,"href":"https:\/\/eldiariodesanpedro.com.ar\/sitio\/wp-json\/wp\/v2\/comments?post=16277"}],"version-history":[{"count":3,"href":"https:\/\/eldiariodesanpedro.com.ar\/sitio\/wp-json\/wp\/v2\/posts\/16277\/revisions"}],"predecessor-version":[{"id":16292,"href":"https:\/\/eldiariodesanpedro.com.ar\/sitio\/wp-json\/wp\/v2\/posts\/16277\/revisions\/16292"}],"wp:featuredmedia":[{"embeddable":true,"href":"https:\/\/eldiariodesanpedro.com.ar\/sitio\/wp-json\/wp\/v2\/media\/16289"}],"wp:attachment":[{"href":"https:\/\/eldiariodesanpedro.com.ar\/sitio\/wp-json\/wp\/v2\/media?parent=16277"}],"wp:term":[{"taxonomy":"category","embeddable":true,"href":"https:\/\/eldiariodesanpedro.com.ar\/sitio\/wp-json\/wp\/v2\/categories?post=16277"},{"taxonomy":"post_tag","embeddable":true,"href":"https:\/\/eldiariodesanpedro.com.ar\/sitio\/wp-json\/wp\/v2\/tags?post=16277"}],"curies":[{"name":"wp","href":"https:\/\/api.w.org\/{rel}","templated":true}]}}