{"id":16273,"date":"2017-03-20T19:47:07","date_gmt":"2017-03-20T22:47:07","guid":{"rendered":"https:\/\/eldiariodesanpedro.com.ar\/sitio\/?p=16273"},"modified":"2026-01-24T00:30:44","modified_gmt":"2026-01-24T03:30:44","slug":"futbol-local-inicio-el-torneo-apertura-pedro-g-barri","status":"publish","type":"post","link":"https:\/\/eldiariodesanpedro.com.ar\/sitio\/futbol-local-inicio-el-torneo-apertura-pedro-g-barri\/","title":{"rendered":"F\u00daTBOL LOCAL:  Inici\u00f3 el Torneo Apertura \u201cPedro G. Barri\u201d"},"content":{"rendered":"<p><!-- VideographyWP Plugin Message: Automatic video embedding prevented by plugin options. --><br \/>\n  El comienzo del Torneo Apertura se llev\u00f3 a cabo en la cancha del Club Defensores Unidos el s\u00e1bado por la tarde, con el cotejo adelantado entre San Roque y Sportivo Am\u00e9rica. All\u00ed directivos liguistas y familiares dieron el inicio oficial al certamen que lleva el nombre del ex-secretario de la Liga por m\u00e1s de medio siglo.<\/p>\n<p>  En la fecha inicial, jugada entre s\u00e1bado y domingo, triunfaron San Roque FC (presentando varios refuerzos), Banfield, Independencia, Gral. San Mart\u00edn, Defensores Unidos, Las Palmeras, Sportivo y Portela, en su debut en la Alianza Regional.<\/p>\n<p>  El \u00fanico empate fue entre Alsina y Atl\u00e9tico, donde hubo cuatro expulsados, dos de cada lado.<\/p>\n<p><strong>Zona \u00abA\u00bb<\/strong><br \/>\nGral. San Mart\u00edn 3 &#8211; La Esperanza 0<br \/>\nCancha: Gral. San Mart\u00edn<br \/>\n\u00c1rbitro: Marcelo Vega<br \/>\nGoles: Olivera (GSM),  Bahillo (GSM) y Ru\u00edz D\u00edaz (GSM).<br \/>\nSegunda: 2-0<br \/>\nSexta: 0-7<\/p>\n<p>Independencia 2 &#8211; Mitre 0<br \/>\nCancha: Independencia FC<br \/>\n\u00c1rbitro: Dar\u00edo Cid<br \/>\nGoles: Huesa (IFC) de tiro penal, Esquivel (IFC)<br \/>\nSegunda: 1-3<br \/>\nSexta: 1-4<\/p>\n<p>Banfield 3 &#8211; Agricultores 0<br \/>\nCancha: Estadio Municipal<br \/>\n\u00c1rbitro: Francisco Lasca<br \/>\nGoles: M. Rodr\u00edguez (B) x 2, A. Balladares (B)<br \/>\nSegunda: 3-1<br \/>\nSexta: 0-12<\/p>\n<p><strong>Zona \u00abB\u00bb<\/strong><br \/>\nSan Roque 2 &#8211;  Am\u00e9rica  1<br \/>\nCancha: Def. Unidos<br \/>\n\u00c1rbitro: Daniel Guerrero<br \/>\nGoles: Kevin Neyra x2 (SR) y Llorens (A)<br \/>\nSegunda: 1-1<br \/>\nSexta: 2-0<\/p>\n<p>D. Unidos 2 &#8211; C. C\u00f3rdoba 1<br \/>\nCancha: CADU<br \/>\nGoles: Salom\u00f3n (DU) X 2, C. Ferreyra (CC)<br \/>\nSegunda: 4-3<br \/>\nSexta: 0-2<\/p>\n<p>Las Palmeras 4 &#8211; Paran\u00e1 1<br \/>\nCancha: Las Palmeras de R\u00edo Tala<br \/>\n\u00c1rbitro: Horacio Arias<br \/>\nGoles: J. Berrini (LP) x 2, C. D\u00edaz (B), B. Burini (P)<br \/>\nSegunda: 2-3<br \/>\nSexta: 0-8<\/p>\n<p><strong>Zona \u00abC\u00bb<\/strong><br \/>\nRivadavia 0 &#8211; Sportivo 1<br \/>\nCancha: B. Rivadavia<br \/>\n\u00c1rbitro: Joaqu\u00edn Gil<br \/>\nGoles: Emanuel Ru\u00edz (S)<br \/>\nSegunda: 0-0<br \/>\nSexta: 1-4<\/p>\n<p>Club S. y D. Ireneo Portela 3 &#8211;  Fundici\u00f3n FC 2<br \/>\nCancha: C. S. y D. I. Portela<br \/>\n\u00c1rbitro: A. P\u00e1ez<br \/>\nGoles: Quintana (P), F. Willi (P) y De los Santos (P), Gonz\u00e1lez (F) y M. Mart\u00ednez (F)<br \/>\nSegunda: 3-0<br \/>\nSexta: 1-10<\/p>\n<p>Alsina 1 &#8211; Atl\u00e9tico 1<br \/>\nCancha: Polideportivo Municipal Alsina<br \/>\n\u00c1rbitro: Nicol\u00e1s Salinas<br \/>\nGoles: A. Salvo (Al), M. Mart\u00ednez (At)<br \/>\nSegunda: 2-2<br \/>\nSexta: 0-3<\/p>\n<p><strong>DIVISIONES INFERIORES (1ra fecha, torneo Apertura \u201cPedro G. Barri\u201d)<\/strong><\/p>\n<p><strong>Zona \u00abA\u00bb<\/strong><br \/>\nLa Esperanza vs San Mart\u00edn<br \/>\n2-1 (5ta), 1-0 (4ta) y 4-0 (3ra).<\/p>\n<p>Mitre vs Independencia<br \/>\n3-1 (5ta), 2-2 (4ta) y 3-1 (3ra).<\/p>\n<p>Agricultores vs Banfield<br \/>\n5-3 (5ta) y 3-0 (4ta)<\/p>\n<p><strong>Zona \u00abB\u00bb<\/strong><br \/>\nAm\u00e9rica vs San Roque<br \/>\n 3-0 (5ta) y 0-2 (4ta)<\/p>\n<p>C. C\u00f3rdoba vs D. Unidos<br \/>\n2-0 (5ta) y 5-2 (4ta)<\/p>\n<p>Paran\u00e1 vs Las Palmeras<br \/>\n 4-0 (5ta), 1-0 (4ta) y 1-2 (3ra).<\/p>\n<p><strong>Zona \u00abC\u00bb<\/strong><br \/>\nSportivo vs Rivadavia<br \/>\n 0-0 (5ta), 0-0 (4ta) y 0-2 (3ra).<\/p>\n<p>Fundici\u00f3n vs Portela<br \/>\n 7-1 (5ta), 2-4 (4ta) y 0-5 (3ra).<\/p>\n<p>Atl\u00e9tico vs Alsina<br \/>\n5-1 (5ta) y 1-3 (4ta)<\/p>\n","protected":false},"excerpt":{"rendered":"<p>El comienzo del Torneo Apertura se llev\u00f3 a cabo en la cancha del Club Defensores Unidos el s\u00e1bado por la tarde, con el cotejo adelantado entre San Roque y Sportivo Am\u00e9rica. All\u00ed directivos liguistas y familiares dieron el inicio oficial al certamen que lleva el nombre del ex-secretario de la Liga por m\u00e1s de medio [&hellip;]<\/p>\n","protected":false},"author":4,"featured_media":16276,"comment_status":"open","ping_status":"closed","sticky":false,"template":"","format":"standard","meta":{"om_disable_all_campaigns":false,"_jetpack_memberships_contains_paid_content":false,"footnotes":""},"categories":[5],"tags":[],"class_list":["post-16273","post","type-post","status-publish","format-standard","has-post-thumbnail","hentry","category-deportes"],"aioseo_notices":[],"gutentor_comment":0,"jetpack_featured_media_url":"https:\/\/eldiariodesanpedro.com.ar\/sitio\/wp-content\/uploads\/2017\/03\/Independencia-\u2013-Mitre-Dar\u00edo-Cid-el-\u00e1rbitro-junto-a-los-capitanes-M.-Esquivel-IFC-y-M.-Mattig-M-1.jpg","jetpack_shortlink":"https:\/\/wp.me\/p6RhLt-4et","jetpack_sharing_enabled":true,"_links":{"self":[{"href":"https:\/\/eldiariodesanpedro.com.ar\/sitio\/wp-json\/wp\/v2\/posts\/16273","targetHints":{"allow":["GET"]}}],"collection":[{"href":"https:\/\/eldiariodesanpedro.com.ar\/sitio\/wp-json\/wp\/v2\/posts"}],"about":[{"href":"https:\/\/eldiariodesanpedro.com.ar\/sitio\/wp-json\/wp\/v2\/types\/post"}],"author":[{"embeddable":true,"href":"https:\/\/eldiariodesanpedro.com.ar\/sitio\/wp-json\/wp\/v2\/users\/4"}],"replies":[{"embeddable":true,"href":"https:\/\/eldiariodesanpedro.com.ar\/sitio\/wp-json\/wp\/v2\/comments?post=16273"}],"version-history":[{"count":1,"href":"https:\/\/eldiariodesanpedro.com.ar\/sitio\/wp-json\/wp\/v2\/posts\/16273\/revisions"}],"predecessor-version":[{"id":16275,"href":"https:\/\/eldiariodesanpedro.com.ar\/sitio\/wp-json\/wp\/v2\/posts\/16273\/revisions\/16275"}],"wp:featuredmedia":[{"embeddable":true,"href":"https:\/\/eldiariodesanpedro.com.ar\/sitio\/wp-json\/wp\/v2\/media\/16276"}],"wp:attachment":[{"href":"https:\/\/eldiariodesanpedro.com.ar\/sitio\/wp-json\/wp\/v2\/media?parent=16273"}],"wp:term":[{"taxonomy":"category","embeddable":true,"href":"https:\/\/eldiariodesanpedro.com.ar\/sitio\/wp-json\/wp\/v2\/categories?post=16273"},{"taxonomy":"post_tag","embeddable":true,"href":"https:\/\/eldiariodesanpedro.com.ar\/sitio\/wp-json\/wp\/v2\/tags?post=16273"}],"curies":[{"name":"wp","href":"https:\/\/api.w.org\/{rel}","templated":true}]}}