{"id":16270,"date":"2017-03-20T19:22:21","date_gmt":"2017-03-20T22:22:21","guid":{"rendered":"https:\/\/eldiariodesanpedro.com.ar\/sitio\/?p=16270"},"modified":"2017-03-20T19:22:21","modified_gmt":"2017-03-20T22:22:21","slug":"campana-multitudinaria-movilizacion-pidio-memoria-verdad-y-justicia","status":"publish","type":"post","link":"https:\/\/eldiariodesanpedro.com.ar\/sitio\/campana-multitudinaria-movilizacion-pidio-memoria-verdad-y-justicia\/","title":{"rendered":"CAMPANA: Multitudinaria movilizaci\u00f3n pidi\u00f3 \u201cMemoria, Verdad y Justicia\u201d"},"content":{"rendered":"<p><!-- VideographyWP Plugin Message: Automatic video embedding prevented by plugin options. --><br \/>\nLa marcha estuvo encabezada por H.I.J.O.S. Escobar-Campana-Z\u00e1rate y el trayecto que se realiz\u00f3 fue desde la Plaza Eduardo Costa hasta la Ruta Provincial N\u00b06. El objetivo fue recordar a los desaparecidos. Participaron Organizaciones de Derechos Humanos, Concejales y vecinos. <\/p>\n<p>  Por la Avenida Mitre, una marcha volvi\u00f3 a pedir \u201cMemoria, Verdad y Justicia\u201d. La movilizaci\u00f3n estuvo encabeza por H.I.J.O.S de Escobar-Campana-Z\u00e1rate. Adem\u00e1s, participaron Organizaciones de Derechos Humanos, Concejales, representantes gremiales y vecinos, quienes se movilizaron bajo el lema \u201cSon 30.000 y fue un genocidio\u201d.<\/p>\n<p>  La caravana parti\u00f3 desde la Plaza Eduardo Costa y se traslad\u00f3 por la Avenida hasta llegar a la R.P. N\u00b0 6 (ex Ruta 12). Durante el trayecto hubo distintas paradas para se\u00f1alizar los lugares clandestinos que fueron utilizados durante la Dictadura Militar, como la Comisar\u00eda de Campana, el ex Club D\u00e1lmine (hoy Club Ciudad de Campana), el Hotel Siderca y el Club Villa D\u00e1lmine, en la cual se descubri\u00f3 una placa rememorando a las v\u00edctimas que trabajaban en Siderca y a las que pasaron por el ex Tiro Federal. Tambi\u00e9n se leyeron los nombres de las v\u00edctimas.<\/p>\n<p>  Antes de iniciar el recorrido, Paola Garello, integrante de H.I.J.O.S, habl\u00f3 con la prensa y record\u00f3 el objetivo de esta movilizaci\u00f3n: \u201cQueremos que la sociedad de Campana entienda que ac\u00e1 s\u00ed hubo v\u00edctimas de la Dictadura, por eso decidimos hacer esta marcha\u201d.<\/p>\n<p>  Como todos los a\u00f1os, Campana vuelve a pedir \u201cMemoria\u201d y sobre todo que se tenga en cuenta que lo vivi\u00f3 en la Argentina: \u201cun genocidio\u201d. (Campana Noticias)<\/p>\n","protected":false},"excerpt":{"rendered":"<p>La marcha estuvo encabezada por H.I.J.O.S. Escobar-Campana-Z\u00e1rate y el trayecto que se realiz\u00f3 fue desde la Plaza Eduardo Costa hasta la Ruta Provincial N\u00b06. El objetivo fue recordar a los desaparecidos. Participaron Organizaciones de Derechos Humanos, Concejales y vecinos. Por la Avenida Mitre, una marcha volvi\u00f3 a pedir \u201cMemoria, Verdad y Justicia\u201d. La movilizaci\u00f3n estuvo [&hellip;]<\/p>\n","protected":false},"author":4,"featured_media":16271,"comment_status":"open","ping_status":"closed","sticky":false,"template":"","format":"standard","meta":{"om_disable_all_campaigns":false,"_jetpack_memberships_contains_paid_content":false,"footnotes":""},"categories":[621],"tags":[],"class_list":["post-16270","post","type-post","status-publish","format-standard","has-post-thumbnail","hentry","category-regionales"],"aioseo_notices":[],"gutentor_comment":0,"jetpack_featured_media_url":"https:\/\/eldiariodesanpedro.com.ar\/sitio\/wp-content\/uploads\/2017\/03\/Multitudinaria-movilizaci\u00f3n-pidi\u00f3-\u201cMemoria-Verdad-y-Justicia\u201d.jpg","jetpack_shortlink":"https:\/\/wp.me\/p6RhLt-4eq","jetpack_sharing_enabled":true,"_links":{"self":[{"href":"https:\/\/eldiariodesanpedro.com.ar\/sitio\/wp-json\/wp\/v2\/posts\/16270","targetHints":{"allow":["GET"]}}],"collection":[{"href":"https:\/\/eldiariodesanpedro.com.ar\/sitio\/wp-json\/wp\/v2\/posts"}],"about":[{"href":"https:\/\/eldiariodesanpedro.com.ar\/sitio\/wp-json\/wp\/v2\/types\/post"}],"author":[{"embeddable":true,"href":"https:\/\/eldiariodesanpedro.com.ar\/sitio\/wp-json\/wp\/v2\/users\/4"}],"replies":[{"embeddable":true,"href":"https:\/\/eldiariodesanpedro.com.ar\/sitio\/wp-json\/wp\/v2\/comments?post=16270"}],"version-history":[{"count":1,"href":"https:\/\/eldiariodesanpedro.com.ar\/sitio\/wp-json\/wp\/v2\/posts\/16270\/revisions"}],"predecessor-version":[{"id":16272,"href":"https:\/\/eldiariodesanpedro.com.ar\/sitio\/wp-json\/wp\/v2\/posts\/16270\/revisions\/16272"}],"wp:featuredmedia":[{"embeddable":true,"href":"https:\/\/eldiariodesanpedro.com.ar\/sitio\/wp-json\/wp\/v2\/media\/16271"}],"wp:attachment":[{"href":"https:\/\/eldiariodesanpedro.com.ar\/sitio\/wp-json\/wp\/v2\/media?parent=16270"}],"wp:term":[{"taxonomy":"category","embeddable":true,"href":"https:\/\/eldiariodesanpedro.com.ar\/sitio\/wp-json\/wp\/v2\/categories?post=16270"},{"taxonomy":"post_tag","embeddable":true,"href":"https:\/\/eldiariodesanpedro.com.ar\/sitio\/wp-json\/wp\/v2\/tags?post=16270"}],"curies":[{"name":"wp","href":"https:\/\/api.w.org\/{rel}","templated":true}]}}