{"id":16267,"date":"2017-03-20T19:19:32","date_gmt":"2017-03-20T22:19:32","guid":{"rendered":"https:\/\/eldiariodesanpedro.com.ar\/sitio\/?p=16267"},"modified":"2017-03-20T19:19:32","modified_gmt":"2017-03-20T22:19:32","slug":"segun-datos-del-indec-la-desocupacion-afecta-a-unas-5-000-personas-en-san-nicolas-y-villa-constitucion","status":"publish","type":"post","link":"https:\/\/eldiariodesanpedro.com.ar\/sitio\/segun-datos-del-indec-la-desocupacion-afecta-a-unas-5-000-personas-en-san-nicolas-y-villa-constitucion\/","title":{"rendered":"SEG\u00daN DATOS DEL INDEC: La desocupaci\u00f3n afecta a unas 5.000 personas en San Nicol\u00e1s y Villa Constituci\u00f3n"},"content":{"rendered":"<p><!-- VideographyWP Plugin Message: Automatic video embedding prevented by plugin options. --><br \/>\n  Seg\u00fan los datos referentes al cuarto trimestre de 2016 publicados por el Indec, el \u00edndice de desocupaci\u00f3n en la zona es del 6,3% y afecta a unas 5.000 personas que no pueden acceder a un empleo. La tasa de subocupaci\u00f3n, en tanto, es del 5,8%. Aunque estad\u00edsticamente la desocupaci\u00f3n baj\u00f3, en realidad la generaci\u00f3n de empleo tambi\u00e9n descendi\u00f3, fen\u00f3meno que se explica debido a que hay menos gente buscando trabajo.<\/p>\n<p>  El desempleo en el conglomerado San Nicol\u00e1s-Villa Constituci\u00f3n afectaba al 6,3% de la Poblaci\u00f3n Econ\u00f3micamente Activa (PEA) a finales de 2016, seg\u00fan lo informado por el Instituto Nacional de Estad\u00edsticas y Censos (Indec). Ese porcentaje representa alrededor de 5 mil personas sin trabajo en nuestra zona, durante el \u00faltimo trimestre del a\u00f1o pasado. <\/p>\n<p>  Los datos relevados por el Indec en el conglomerado San Nicol\u00e1s-Villa Constituci\u00f3n comprenden a una poblaci\u00f3n activa que alcanza las 81.000 personas, sobre un total de 185.000 habitantes. Son alrededor de 75.000 las personas ocupadas, mientras que entre las 5.000 desocupadas hay unas 4.000 que demandan empleo.<\/p>\n<p>  Respecto del tercer trimestre, cuando el indicador fue del 9,2%, el nivel de desempleo baj\u00f3. En tanto el \u00edndice de desempleo fue de 8,4% en el segundo trimestre del a\u00f1o pasado. De todos modos, la comparaci\u00f3n correcta ser\u00eda contra el mismo per\u00edodo de 2015, aunque por entonces el Indec no daba a conocer ese dato. <\/p>\n<p>  Seg\u00fan argumentan especialistas, el Indec calcula el porcentaje de desempleo a partir de la gente que busca empleo. Pero no toma en cuenta a quienes siguen desempleados y dejaron de buscar trabajo por resignarse a conseguirlo, entre otras razones. <\/p>\n<p>  En tanto el \u00edndice de subocupaci\u00f3n (aquellas personas que trabajan menos de 35 horas semanales) en nuestra zona es de 5,8%. Adem\u00e1s, hay un 3,5% de demanda de trabajo ocasional.<\/p>\n<p>  El anterior informe del Organismo oficial dio cuenta tambi\u00e9n de un nivel de subocupaci\u00f3n del 4,5%. Y en el primer trimestre de 2016 la subocupaci\u00f3n se ubicaba en el 3,3%.<\/p>\n<p>  La Tasa de Actividad -personas que tienen o buscan activamente trabajo- en el cuarto trimestre de 2016 se ubic\u00f3 en 43,5%; 3,1 puntos menos que en el per\u00edodo anterior. Esto implica que menos personas salieron a buscar trabajo.<\/p>\n<p><strong>Datos nacionales<\/strong><\/p>\n<p>  A nivel nacional, el \u00edndice de desempleo fue del 7,6%; casi un punto menos respecto del 8,5% que se hab\u00eda registrado en el tercer trimestre del a\u00f1o pasado. Sin embargo, el Organismo advirti\u00f3 que no representa una mejora en el mercado laboral.<\/p>\n<p>  Al respecto, el Organismo comandado por Jorge Todesca, aclar\u00f3 que no se presentan diferencias estad\u00edsticamente significativas en el empleo con relaci\u00f3n al trimestre anterior. En 22 de los 31 aglomerados se mantiene la misma actividad, empleo y la desocupaci\u00f3n.<\/p>\n<p>  La ciudad con peor situaci\u00f3n laboral es Mar del Plata, donde el 10,6% de la fuerza laboral est\u00e1 desocupada, mientras que Viedma-Carmen de Patagones ofrece el mejor escenario con una tasa de apenas 0,8%. (diario El Norte)<\/p>\n","protected":false},"excerpt":{"rendered":"<p>Seg\u00fan los datos referentes al cuarto trimestre de 2016 publicados por el Indec, el \u00edndice de desocupaci\u00f3n en la zona es del 6,3% y afecta a unas 5.000 personas que no pueden acceder a un empleo. La tasa de subocupaci\u00f3n, en tanto, es del 5,8%. Aunque estad\u00edsticamente la desocupaci\u00f3n baj\u00f3, en realidad la generaci\u00f3n de [&hellip;]<\/p>\n","protected":false},"author":4,"featured_media":16268,"comment_status":"open","ping_status":"closed","sticky":false,"template":"","format":"standard","meta":{"om_disable_all_campaigns":false,"_jetpack_memberships_contains_paid_content":false,"footnotes":""},"categories":[621],"tags":[],"class_list":["post-16267","post","type-post","status-publish","format-standard","has-post-thumbnail","hentry","category-regionales"],"aioseo_notices":[],"gutentor_comment":0,"jetpack_featured_media_url":"https:\/\/eldiariodesanpedro.com.ar\/sitio\/wp-content\/uploads\/2017\/03\/El-\u00edndice-de-desocupaci\u00f3n-en-la-zona-es-del-63-y-afecta-a-unas-5.000-personas-.jpg","jetpack_shortlink":"https:\/\/wp.me\/p6RhLt-4en","jetpack_sharing_enabled":true,"_links":{"self":[{"href":"https:\/\/eldiariodesanpedro.com.ar\/sitio\/wp-json\/wp\/v2\/posts\/16267","targetHints":{"allow":["GET"]}}],"collection":[{"href":"https:\/\/eldiariodesanpedro.com.ar\/sitio\/wp-json\/wp\/v2\/posts"}],"about":[{"href":"https:\/\/eldiariodesanpedro.com.ar\/sitio\/wp-json\/wp\/v2\/types\/post"}],"author":[{"embeddable":true,"href":"https:\/\/eldiariodesanpedro.com.ar\/sitio\/wp-json\/wp\/v2\/users\/4"}],"replies":[{"embeddable":true,"href":"https:\/\/eldiariodesanpedro.com.ar\/sitio\/wp-json\/wp\/v2\/comments?post=16267"}],"version-history":[{"count":1,"href":"https:\/\/eldiariodesanpedro.com.ar\/sitio\/wp-json\/wp\/v2\/posts\/16267\/revisions"}],"predecessor-version":[{"id":16269,"href":"https:\/\/eldiariodesanpedro.com.ar\/sitio\/wp-json\/wp\/v2\/posts\/16267\/revisions\/16269"}],"wp:featuredmedia":[{"embeddable":true,"href":"https:\/\/eldiariodesanpedro.com.ar\/sitio\/wp-json\/wp\/v2\/media\/16268"}],"wp:attachment":[{"href":"https:\/\/eldiariodesanpedro.com.ar\/sitio\/wp-json\/wp\/v2\/media?parent=16267"}],"wp:term":[{"taxonomy":"category","embeddable":true,"href":"https:\/\/eldiariodesanpedro.com.ar\/sitio\/wp-json\/wp\/v2\/categories?post=16267"},{"taxonomy":"post_tag","embeddable":true,"href":"https:\/\/eldiariodesanpedro.com.ar\/sitio\/wp-json\/wp\/v2\/tags?post=16267"}],"curies":[{"name":"wp","href":"https:\/\/api.w.org\/{rel}","templated":true}]}}