{"id":16264,"date":"2017-03-20T19:06:32","date_gmt":"2017-03-20T22:06:32","guid":{"rendered":"https:\/\/eldiariodesanpedro.com.ar\/sitio\/?p=16264"},"modified":"2017-03-20T19:06:32","modified_gmt":"2017-03-20T22:06:32","slug":"el-ministro-de-gobierno-de-la-pba-joaquin-de-la-torre-encabezo-un-encuentro-con-intendentes-de-cambiemos-en-san-pedro","status":"publish","type":"post","link":"https:\/\/eldiariodesanpedro.com.ar\/sitio\/el-ministro-de-gobierno-de-la-pba-joaquin-de-la-torre-encabezo-un-encuentro-con-intendentes-de-cambiemos-en-san-pedro\/","title":{"rendered":"El Ministro de Gobierno de la PBA, Joaqu\u00edn de la Torre encabez\u00f3 un encuentro con Intendentes de \u201cCambiemos\u201d en San Pedro"},"content":{"rendered":"<p><!-- VideographyWP Plugin Message: Automatic video embedding prevented by plugin options. --><br \/>\n En la tarde de hoy, el Ministro de Gobierno de la Provincia de Buenos Aires, encabez\u00f3 un encuentro en la ciudad que cont\u00f3 con la presencia de nuestro Jefe Comunal Cecilio Salazar, la Intendente de Baradero Fernanda Antonijevic y el de Rojas, Claudio Rossi.<\/p>\n<p>  Paralelamente a la reuni\u00f3n de car\u00e1cter pol\u00edtica, de la Torre entreg\u00f3 un \u201ckit de seguridad vial\u201d a los municipios de Pergamino, Rojas, Baradero, Arrecifes y San Pedro.<\/p>\n<p>  \u201cEstos elementos son muy importantes para nosotros y adem\u00e1s son costosos as\u00ed que, te agradecemos Joaqu\u00edn en primer lugar que est\u00e9s ac\u00e1 y, en segundo lugar, que hayas tra\u00eddo este kit para nosotros\u201d dijo el Intendente Salazar y agreg\u00f3: \u201cEn San Pedro se est\u00e1 trabajando intensamente con la seguridad vial\u201d.<\/p>\n<p>  Por su parte de la Torre agradeci\u00f3 a los Intendentes su presencia y dijo: \u201cHoy la Provincia les alcanza un kit de seguridad Vial que tiene un alcohol\u00edmetro, carteles se\u00f1al\u00e9tica; elementos que permiten ayudar con la inseguridad Vial\u201d.<\/p>\n<p>  \u201cDesde el Gobierno de la Provincia estamos viendo con mucha preocupaci\u00f3n el tema de la paritaria docente\u201d, sostuvo y agreg\u00f3: \u201cPara Mar\u00eda Eugenia (Vidal) tiene una importancia trascendental que los chicos vuelvan al colegio\u201d, dijo el funcionario provincial y afirm\u00f3 que vino a explicarle a los Intendentes, en qu\u00e9 situaci\u00f3n est\u00e1 el conflicto.<\/p>\n<p>  \u201cEst\u00e1 claro que el camino usado los \u00faltimos 30 a\u00f1os, ha tra\u00eddo como final una muy baja calidad de conocimiento en nuestros chicos\u201d, dijo el Ministro. Al tiempo que opin\u00f3: \u201cLa plata que nos pagan los vecinos en tasas tiene que volver en obras, si son cambiadas por sueldos con paritarias m\u00e1s altas, despu\u00e9s esos intendentes no pueden reclamarle a la Provincia que necesitan dinero para pagar los haberes o para m\u00e1s obra p\u00fablica\u201d. <\/p>\n<p>  Y en ese sentido asever\u00f3: \u201cNo digo que no hay que aumentar, pero hay que acompa\u00f1ar la propuesta de la Provincia de Buenos Aires, que es que vayan subiendo en la medida de la inflaci\u00f3n\u201d. \u201cLo que proponemos es no perder frente a la inflaci\u00f3n\u201d, asegur\u00f3.<\/p>\n","protected":false},"excerpt":{"rendered":"<p>En la tarde de hoy, el Ministro de Gobierno de la Provincia de Buenos Aires, encabez\u00f3 un encuentro en la ciudad que cont\u00f3 con la presencia de nuestro Jefe Comunal Cecilio Salazar, la Intendente de Baradero Fernanda Antonijevic y el de Rojas, Claudio Rossi. Paralelamente a la reuni\u00f3n de car\u00e1cter pol\u00edtica, de la Torre entreg\u00f3 [&hellip;]<\/p>\n","protected":false},"author":4,"featured_media":16265,"comment_status":"open","ping_status":"closed","sticky":false,"template":"","format":"standard","meta":{"om_disable_all_campaigns":false,"_jetpack_memberships_contains_paid_content":false,"footnotes":""},"categories":[2,102],"tags":[],"class_list":["post-16264","post","type-post","status-publish","format-standard","has-post-thumbnail","hentry","category-locales","category-politica-locales"],"aioseo_notices":[],"gutentor_comment":0,"jetpack_featured_media_url":"https:\/\/eldiariodesanpedro.com.ar\/sitio\/wp-content\/uploads\/2017\/03\/De-la-Torre-junto-a-Salazar-Antonijevic-y-Rossi..jpg","jetpack_shortlink":"https:\/\/wp.me\/p6RhLt-4ek","jetpack_sharing_enabled":true,"_links":{"self":[{"href":"https:\/\/eldiariodesanpedro.com.ar\/sitio\/wp-json\/wp\/v2\/posts\/16264","targetHints":{"allow":["GET"]}}],"collection":[{"href":"https:\/\/eldiariodesanpedro.com.ar\/sitio\/wp-json\/wp\/v2\/posts"}],"about":[{"href":"https:\/\/eldiariodesanpedro.com.ar\/sitio\/wp-json\/wp\/v2\/types\/post"}],"author":[{"embeddable":true,"href":"https:\/\/eldiariodesanpedro.com.ar\/sitio\/wp-json\/wp\/v2\/users\/4"}],"replies":[{"embeddable":true,"href":"https:\/\/eldiariodesanpedro.com.ar\/sitio\/wp-json\/wp\/v2\/comments?post=16264"}],"version-history":[{"count":1,"href":"https:\/\/eldiariodesanpedro.com.ar\/sitio\/wp-json\/wp\/v2\/posts\/16264\/revisions"}],"predecessor-version":[{"id":16266,"href":"https:\/\/eldiariodesanpedro.com.ar\/sitio\/wp-json\/wp\/v2\/posts\/16264\/revisions\/16266"}],"wp:featuredmedia":[{"embeddable":true,"href":"https:\/\/eldiariodesanpedro.com.ar\/sitio\/wp-json\/wp\/v2\/media\/16265"}],"wp:attachment":[{"href":"https:\/\/eldiariodesanpedro.com.ar\/sitio\/wp-json\/wp\/v2\/media?parent=16264"}],"wp:term":[{"taxonomy":"category","embeddable":true,"href":"https:\/\/eldiariodesanpedro.com.ar\/sitio\/wp-json\/wp\/v2\/categories?post=16264"},{"taxonomy":"post_tag","embeddable":true,"href":"https:\/\/eldiariodesanpedro.com.ar\/sitio\/wp-json\/wp\/v2\/tags?post=16264"}],"curies":[{"name":"wp","href":"https:\/\/api.w.org\/{rel}","templated":true}]}}