{"id":16247,"date":"2017-03-20T11:28:46","date_gmt":"2017-03-20T14:28:46","guid":{"rendered":"https:\/\/eldiariodesanpedro.com.ar\/sitio\/?p=16247"},"modified":"2017-03-20T11:28:46","modified_gmt":"2017-03-20T14:28:46","slug":"paro-municipal-segun-el-ejecutivo-un-fraude-segun-los-gremios-alto-acatamiento","status":"publish","type":"post","link":"https:\/\/eldiariodesanpedro.com.ar\/sitio\/paro-municipal-segun-el-ejecutivo-un-fraude-segun-los-gremios-alto-acatamiento\/","title":{"rendered":"Paro municipal: Seg\u00fan el ejecutivo un fraude, seg\u00fan los gremios alto acatamiento"},"content":{"rendered":"<p><!-- VideographyWP Plugin Message: Automatic video embedding prevented by plugin options. --><br \/>\nHoy dio comienzo al paro de 48 hs. de los empleados municipales, el ejecutivo se\u00f1al\u00f3 que el acatamiento del paro fue de un 10% dependiendo las \u00e1reas, por ejemplo en el corral\u00f3n solo 2 personas ausentes, de 300 empleados en el hospital solo 20 no se presentaron, el personal de turismo completo.<br \/>\nPor su parte el Secretario de Gobierno, Silvio Corti asegura que \u00abla Municipalidad est\u00e1 funcionando en todas sus \u00e1reas, y para mi este paro fue un gran fracazo. Entiendo que es necesario avanzar en recomponer el salario de los empleados y los empleados reconocen el trabajo que el municipio hace por ellos\u00bb.  <\/p>\n<p>Por su parte el juan Cruz Acosta, Secretario General del Sindicato de Trabajadores Municipales asegura que el acatamiento fue en un numero importante de alrededor de 65% de los empleados de planta permanente. Y descalifica al ejecutivo con los n\u00fameros que ellos presenta justificando con que el municipio se encuentra funcionando el d\u00eda de hoy con los empleados contratados, por decreto, planes sociales y pasantes, ya que los empleados de carrera no estar\u00edan presentes. Ademas asegura que los empleados municipales en las localidades como Gobernador Castro, Vuelta de Obligado y R\u00edo tala realizaron paro total  y por su parte Santa Lucia un 50% de los empleados pararon.<br \/>\nEl dirigente nos comento: \u00abSon alrededor de 200 trabajadores que no hacen medida de fuerza. Est\u00e1n haciendo el trabajo que tienen que hacer los que pararon\u00bb ademas agrego \u00abno quiere reconocer el acatamiento al paro\u00bb.<\/p>\n","protected":false},"excerpt":{"rendered":"<p>Hoy dio comienzo al paro de 48 hs. de los empleados municipales, el ejecutivo se\u00f1al\u00f3 que el acatamiento del paro fue de un 10% dependiendo las \u00e1reas, por ejemplo en el corral\u00f3n solo 2 personas ausentes, de 300 empleados en el hospital solo 20 no se presentaron, el personal de turismo completo. Por su parte [&hellip;]<\/p>\n","protected":false},"author":4,"featured_media":4495,"comment_status":"open","ping_status":"closed","sticky":false,"template":"","format":"standard","meta":{"om_disable_all_campaigns":false,"_jetpack_memberships_contains_paid_content":false,"footnotes":""},"categories":[50,2,102],"tags":[],"class_list":["post-16247","post","type-post","status-publish","format-standard","has-post-thumbnail","hentry","category-destacadas","category-locales","category-politica-locales"],"aioseo_notices":[],"gutentor_comment":0,"jetpack_featured_media_url":"https:\/\/eldiariodesanpedro.com.ar\/sitio\/wp-content\/uploads\/2016\/05\/Municipalidad.jpg","jetpack_shortlink":"https:\/\/wp.me\/p6RhLt-4e3","jetpack_sharing_enabled":true,"_links":{"self":[{"href":"https:\/\/eldiariodesanpedro.com.ar\/sitio\/wp-json\/wp\/v2\/posts\/16247","targetHints":{"allow":["GET"]}}],"collection":[{"href":"https:\/\/eldiariodesanpedro.com.ar\/sitio\/wp-json\/wp\/v2\/posts"}],"about":[{"href":"https:\/\/eldiariodesanpedro.com.ar\/sitio\/wp-json\/wp\/v2\/types\/post"}],"author":[{"embeddable":true,"href":"https:\/\/eldiariodesanpedro.com.ar\/sitio\/wp-json\/wp\/v2\/users\/4"}],"replies":[{"embeddable":true,"href":"https:\/\/eldiariodesanpedro.com.ar\/sitio\/wp-json\/wp\/v2\/comments?post=16247"}],"version-history":[{"count":1,"href":"https:\/\/eldiariodesanpedro.com.ar\/sitio\/wp-json\/wp\/v2\/posts\/16247\/revisions"}],"predecessor-version":[{"id":16248,"href":"https:\/\/eldiariodesanpedro.com.ar\/sitio\/wp-json\/wp\/v2\/posts\/16247\/revisions\/16248"}],"wp:featuredmedia":[{"embeddable":true,"href":"https:\/\/eldiariodesanpedro.com.ar\/sitio\/wp-json\/wp\/v2\/media\/4495"}],"wp:attachment":[{"href":"https:\/\/eldiariodesanpedro.com.ar\/sitio\/wp-json\/wp\/v2\/media?parent=16247"}],"wp:term":[{"taxonomy":"category","embeddable":true,"href":"https:\/\/eldiariodesanpedro.com.ar\/sitio\/wp-json\/wp\/v2\/categories?post=16247"},{"taxonomy":"post_tag","embeddable":true,"href":"https:\/\/eldiariodesanpedro.com.ar\/sitio\/wp-json\/wp\/v2\/tags?post=16247"}],"curies":[{"name":"wp","href":"https:\/\/api.w.org\/{rel}","templated":true}]}}