{"id":16245,"date":"2017-03-20T08:45:43","date_gmt":"2017-03-20T11:45:43","guid":{"rendered":"https:\/\/eldiariodesanpedro.com.ar\/sitio\/?p=16245"},"modified":"2017-03-20T08:45:43","modified_gmt":"2017-03-20T11:45:43","slug":"accidente-de-transito-entre-dos-motocicletas-2","status":"publish","type":"post","link":"https:\/\/eldiariodesanpedro.com.ar\/sitio\/accidente-de-transito-entre-dos-motocicletas-2\/","title":{"rendered":"Accidente de tr\u00e1nsito entre dos motocicletas"},"content":{"rendered":"<p><!-- VideographyWP Plugin Message: Automatic video embedding prevented by plugin options. --><br \/>\nEn el la noche de ayer a las 22:50 horas en calle Pellegrini y Beaumont por causas que se tratan de establecer se produjo un accidente de tr\u00e1nsito entre 2 motocicletas marca Honda Titan 150 cc en las cuales circulaban en una un hombre mayor de edad quien trabaja de mensajero y en la otra quien circulaba por Beaumont conducida por un joven de 16 a\u00f1os de edad. <\/p>\n<p>Ambos conductores fueron trasladados al Hospital Local donde permanecen internados. <\/p>\n<p>Tom\u00f3 intervenci\u00f3n la Fiscal\u00eda del joven de San Nicol\u00e1s dispuso secuestro de ambos rodados, pericias y dem\u00e1s diligencias<\/p>\n","protected":false},"excerpt":{"rendered":"<p>En el la noche de ayer a las 22:50 horas en calle Pellegrini y Beaumont por causas que se tratan de establecer se produjo un accidente de tr\u00e1nsito entre 2 motocicletas marca Honda Titan 150 cc en las cuales circulaban en una un hombre mayor de edad quien trabaja de mensajero y en la otra [&hellip;]<\/p>\n","protected":false},"author":4,"featured_media":2624,"comment_status":"open","ping_status":"closed","sticky":false,"template":"","format":"standard","meta":{"om_disable_all_campaigns":false,"_jetpack_memberships_contains_paid_content":false,"footnotes":""},"categories":[2,103],"tags":[],"class_list":["post-16245","post","type-post","status-publish","format-standard","has-post-thumbnail","hentry","category-locales","category-policiales-locales"],"aioseo_notices":[],"gutentor_comment":0,"jetpack_featured_media_url":"https:\/\/eldiariodesanpedro.com.ar\/sitio\/wp-content\/uploads\/2016\/04\/guardia.jpg","jetpack_shortlink":"https:\/\/wp.me\/p6RhLt-4e1","jetpack_sharing_enabled":true,"_links":{"self":[{"href":"https:\/\/eldiariodesanpedro.com.ar\/sitio\/wp-json\/wp\/v2\/posts\/16245","targetHints":{"allow":["GET"]}}],"collection":[{"href":"https:\/\/eldiariodesanpedro.com.ar\/sitio\/wp-json\/wp\/v2\/posts"}],"about":[{"href":"https:\/\/eldiariodesanpedro.com.ar\/sitio\/wp-json\/wp\/v2\/types\/post"}],"author":[{"embeddable":true,"href":"https:\/\/eldiariodesanpedro.com.ar\/sitio\/wp-json\/wp\/v2\/users\/4"}],"replies":[{"embeddable":true,"href":"https:\/\/eldiariodesanpedro.com.ar\/sitio\/wp-json\/wp\/v2\/comments?post=16245"}],"version-history":[{"count":1,"href":"https:\/\/eldiariodesanpedro.com.ar\/sitio\/wp-json\/wp\/v2\/posts\/16245\/revisions"}],"predecessor-version":[{"id":16246,"href":"https:\/\/eldiariodesanpedro.com.ar\/sitio\/wp-json\/wp\/v2\/posts\/16245\/revisions\/16246"}],"wp:featuredmedia":[{"embeddable":true,"href":"https:\/\/eldiariodesanpedro.com.ar\/sitio\/wp-json\/wp\/v2\/media\/2624"}],"wp:attachment":[{"href":"https:\/\/eldiariodesanpedro.com.ar\/sitio\/wp-json\/wp\/v2\/media?parent=16245"}],"wp:term":[{"taxonomy":"category","embeddable":true,"href":"https:\/\/eldiariodesanpedro.com.ar\/sitio\/wp-json\/wp\/v2\/categories?post=16245"},{"taxonomy":"post_tag","embeddable":true,"href":"https:\/\/eldiariodesanpedro.com.ar\/sitio\/wp-json\/wp\/v2\/tags?post=16245"}],"curies":[{"name":"wp","href":"https:\/\/api.w.org\/{rel}","templated":true}]}}