{"id":16243,"date":"2017-03-20T08:26:06","date_gmt":"2017-03-20T11:26:06","guid":{"rendered":"https:\/\/eldiariodesanpedro.com.ar\/sitio\/?p=16243"},"modified":"2017-03-20T08:26:06","modified_gmt":"2017-03-20T11:26:06","slug":"secuestran-moto-en-gobernador-castro","status":"publish","type":"post","link":"https:\/\/eldiariodesanpedro.com.ar\/sitio\/secuestran-moto-en-gobernador-castro\/","title":{"rendered":"Secuestran moto en Gobernador Castro"},"content":{"rendered":"<p><!-- VideographyWP Plugin Message: Automatic video embedding prevented by plugin options. --><br \/>\nPersonal del destacamento policial de la localidad de Gobernador Castro conjuntamente con Polic\u00eda Local dando cumplimiento con el operativo de interceptaci\u00f3n vehicular y de personas ubicado en en calle San Mart\u00edn y Entre R\u00edos (Plaza San Mart\u00edn) se procedi\u00f3 a la aprehensi\u00f3n de un ciudadano mayor de edad que se movilizaba a bordo de una motocicleta Guerrero Trip 110 cc de color negro, que al constatar numeraci\u00f3n de cuadro y motor resulta tener pedido de secuestro activo desde el 17 de octubre de 2015 con intervenci\u00f3n de la Unidad Funcional de Instrucci\u00f3n n\u00ba 4, Depto. Judicial San Nicol\u00e1s. <\/p>\n","protected":false},"excerpt":{"rendered":"<p>Personal del destacamento policial de la localidad de Gobernador Castro conjuntamente con Polic\u00eda Local dando cumplimiento con el operativo de interceptaci\u00f3n vehicular y de personas ubicado en en calle San Mart\u00edn y Entre R\u00edos (Plaza San Mart\u00edn) se procedi\u00f3 a la aprehensi\u00f3n de un ciudadano mayor de edad que se movilizaba a bordo de una [&hellip;]<\/p>\n","protected":false},"author":4,"featured_media":11797,"comment_status":"open","ping_status":"closed","sticky":false,"template":"","format":"standard","meta":{"om_disable_all_campaigns":false,"_jetpack_memberships_contains_paid_content":false,"footnotes":""},"categories":[2,103],"tags":[],"class_list":["post-16243","post","type-post","status-publish","format-standard","has-post-thumbnail","hentry","category-locales","category-policiales-locales"],"aioseo_notices":[],"gutentor_comment":0,"jetpack_featured_media_url":"https:\/\/eldiariodesanpedro.com.ar\/sitio\/wp-content\/uploads\/2016\/12\/moto-secuestrada.jpg","jetpack_shortlink":"https:\/\/wp.me\/p6RhLt-4dZ","jetpack_sharing_enabled":true,"_links":{"self":[{"href":"https:\/\/eldiariodesanpedro.com.ar\/sitio\/wp-json\/wp\/v2\/posts\/16243","targetHints":{"allow":["GET"]}}],"collection":[{"href":"https:\/\/eldiariodesanpedro.com.ar\/sitio\/wp-json\/wp\/v2\/posts"}],"about":[{"href":"https:\/\/eldiariodesanpedro.com.ar\/sitio\/wp-json\/wp\/v2\/types\/post"}],"author":[{"embeddable":true,"href":"https:\/\/eldiariodesanpedro.com.ar\/sitio\/wp-json\/wp\/v2\/users\/4"}],"replies":[{"embeddable":true,"href":"https:\/\/eldiariodesanpedro.com.ar\/sitio\/wp-json\/wp\/v2\/comments?post=16243"}],"version-history":[{"count":1,"href":"https:\/\/eldiariodesanpedro.com.ar\/sitio\/wp-json\/wp\/v2\/posts\/16243\/revisions"}],"predecessor-version":[{"id":16244,"href":"https:\/\/eldiariodesanpedro.com.ar\/sitio\/wp-json\/wp\/v2\/posts\/16243\/revisions\/16244"}],"wp:featuredmedia":[{"embeddable":true,"href":"https:\/\/eldiariodesanpedro.com.ar\/sitio\/wp-json\/wp\/v2\/media\/11797"}],"wp:attachment":[{"href":"https:\/\/eldiariodesanpedro.com.ar\/sitio\/wp-json\/wp\/v2\/media?parent=16243"}],"wp:term":[{"taxonomy":"category","embeddable":true,"href":"https:\/\/eldiariodesanpedro.com.ar\/sitio\/wp-json\/wp\/v2\/categories?post=16243"},{"taxonomy":"post_tag","embeddable":true,"href":"https:\/\/eldiariodesanpedro.com.ar\/sitio\/wp-json\/wp\/v2\/tags?post=16243"}],"curies":[{"name":"wp","href":"https:\/\/api.w.org\/{rel}","templated":true}]}}