{"id":16237,"date":"2017-03-20T00:54:53","date_gmt":"2017-03-20T03:54:53","guid":{"rendered":"https:\/\/eldiariodesanpedro.com.ar\/sitio\/?p=16237"},"modified":"2017-03-20T01:24:56","modified_gmt":"2017-03-20T04:24:56","slug":"un-automovil-colisiono-con-una-camioneta-y-volco","status":"publish","type":"post","link":"https:\/\/eldiariodesanpedro.com.ar\/sitio\/un-automovil-colisiono-con-una-camioneta-y-volco\/","title":{"rendered":"Un autom\u00f3vil colision\u00f3 con una camioneta y volc\u00f3"},"content":{"rendered":"<p><!-- VideographyWP Plugin Message: Automatic video embedding prevented by plugin options. --><br \/>\nEn la noche de ayer antes de la media noche se produjo un accidente de tr\u00e1nsito en Bvard. Moreno al 200 entre Ituzaingo y Belgrano, donde un un autom\u00f3vil Wolksvagen Fox color gris colision\u00f3 contra una camioneta Ecosport que se encontraba estacionada provocando que el autom\u00f3vil perdiera el control y volcara.  <\/p>\n<p>En el lugar se hizo presente bomberos voluntarios por el riesgo de que el autom\u00f3vil perdiera combustible y se produjera un incendio. <\/p>\n<p>El autom\u00f3vil era conducido por un joven mayor de 30 a\u00f1os. Los dos fueron trasladado por el servicio 107 a la guardia del hospital local. <\/p>\n<p>Ampliaremos <\/p>\n<p>Momento en el que bomberos dio vuelta el autom\u00f3vil <\/p>\n<p><a href=\"https:\/\/m.facebook.com\/story.php?story_fbid=589500267925783&#038;id=419365371605941\">https:\/\/m.facebook.com\/story.php?story_fbid=589500267925783&#038;id=419365371605941<\/a><\/p>\n","protected":false},"excerpt":{"rendered":"<p>En la noche de ayer antes de la media noche se produjo un accidente de tr\u00e1nsito en Bvard. Moreno al 200 entre Ituzaingo y Belgrano, donde un un autom\u00f3vil Wolksvagen Fox color gris colision\u00f3 contra una camioneta Ecosport que se encontraba estacionada provocando que el autom\u00f3vil perdiera el control y volcara. En el lugar se [&hellip;]<\/p>\n","protected":false},"author":4,"featured_media":16239,"comment_status":"open","ping_status":"closed","sticky":false,"template":"","format":"standard","meta":{"om_disable_all_campaigns":false,"_jetpack_memberships_contains_paid_content":false,"footnotes":""},"categories":[50,2,103],"tags":[],"class_list":["post-16237","post","type-post","status-publish","format-standard","has-post-thumbnail","hentry","category-destacadas","category-locales","category-policiales-locales"],"aioseo_notices":[],"gutentor_comment":0,"jetpack_featured_media_url":"https:\/\/eldiariodesanpedro.com.ar\/sitio\/wp-content\/uploads\/2017\/03\/IMG_20170320_240613033-e1489981908482.jpg","jetpack_shortlink":"https:\/\/wp.me\/p6RhLt-4dT","jetpack_sharing_enabled":true,"_links":{"self":[{"href":"https:\/\/eldiariodesanpedro.com.ar\/sitio\/wp-json\/wp\/v2\/posts\/16237","targetHints":{"allow":["GET"]}}],"collection":[{"href":"https:\/\/eldiariodesanpedro.com.ar\/sitio\/wp-json\/wp\/v2\/posts"}],"about":[{"href":"https:\/\/eldiariodesanpedro.com.ar\/sitio\/wp-json\/wp\/v2\/types\/post"}],"author":[{"embeddable":true,"href":"https:\/\/eldiariodesanpedro.com.ar\/sitio\/wp-json\/wp\/v2\/users\/4"}],"replies":[{"embeddable":true,"href":"https:\/\/eldiariodesanpedro.com.ar\/sitio\/wp-json\/wp\/v2\/comments?post=16237"}],"version-history":[{"count":3,"href":"https:\/\/eldiariodesanpedro.com.ar\/sitio\/wp-json\/wp\/v2\/posts\/16237\/revisions"}],"predecessor-version":[{"id":16242,"href":"https:\/\/eldiariodesanpedro.com.ar\/sitio\/wp-json\/wp\/v2\/posts\/16237\/revisions\/16242"}],"wp:featuredmedia":[{"embeddable":true,"href":"https:\/\/eldiariodesanpedro.com.ar\/sitio\/wp-json\/wp\/v2\/media\/16239"}],"wp:attachment":[{"href":"https:\/\/eldiariodesanpedro.com.ar\/sitio\/wp-json\/wp\/v2\/media?parent=16237"}],"wp:term":[{"taxonomy":"category","embeddable":true,"href":"https:\/\/eldiariodesanpedro.com.ar\/sitio\/wp-json\/wp\/v2\/categories?post=16237"},{"taxonomy":"post_tag","embeddable":true,"href":"https:\/\/eldiariodesanpedro.com.ar\/sitio\/wp-json\/wp\/v2\/tags?post=16237"}],"curies":[{"name":"wp","href":"https:\/\/api.w.org\/{rel}","templated":true}]}}