{"id":16231,"date":"2017-03-19T22:09:16","date_gmt":"2017-03-20T01:09:16","guid":{"rendered":"https:\/\/eldiariodesanpedro.com.ar\/sitio\/?p=16231"},"modified":"2017-03-19T22:09:16","modified_gmt":"2017-03-20T01:09:16","slug":"continua-la-busqueda-de-maximiliano-garcia","status":"publish","type":"post","link":"https:\/\/eldiariodesanpedro.com.ar\/sitio\/continua-la-busqueda-de-maximiliano-garcia\/","title":{"rendered":"Continua la b\u00fasqueda de Maximiliano Garcia"},"content":{"rendered":"<p><!-- VideographyWP Plugin Message: Automatic video embedding prevented by plugin options. --><br \/>\nDesde el jueves se busca a Maximiliano Garcia de 30 a\u00f1os de edad que se ausento de su domicilio luego de una discusi\u00f3n con su padre de 65 a\u00f1os de edad desde entonces no se supo mas nada de \u00e9l. Cabe recordar que esta persona presenta un retraso madurativo, lo cual agrava la situaci\u00f3n. El joven de contextura f\u00edsica delgada, de 1,77 metros de altura, pesa aproximadamente 80 kilos tiene el cutis trigue\u00f1o, cabellos cortos oscuros y al momento de su desaparici\u00f3n vest\u00eda campera color gris y pantal\u00f3n tipo babucha del mismo color; adem\u00e1s de gorra blanca y zapatillas negras. Circulaba a bordo de una bicicleta playera color amarilla.<\/p>\n<p>El d\u00eda de hoy comenz\u00f3 el rastrillaje con perros entrenados de la divisi\u00f3n K9 de la ciudad de Baradero, ademas encabezado por el jefe distrital Fabi\u00e1n Gallo y el subcomisario Casas; hasta el momento no se pudo dar con el paradero de esta persona.<\/p>\n<div class=\"fb-video\" data-allowfullscreen=\"true\" data-href=\"https:\/\/www.facebook.com\/eldiario.desanpedro\/videos\/589464664596010\/\" style=\"background-color: #fff; display: inline-block;\"><\/div>\n<div class=\"fb-video\" data-allowfullscreen=\"true\" data-href=\"https:\/\/www.facebook.com\/eldiario.desanpedro\/videos\/589465844595892\/\" style=\"background-color: #fff; display: inline-block;\"><\/div>\n","protected":false},"excerpt":{"rendered":"<p>Desde el jueves se busca a Maximiliano Garcia de 30 a\u00f1os de edad que se ausento de su domicilio luego de una discusi\u00f3n con su padre de 65 a\u00f1os de edad desde entonces no se supo mas nada de \u00e9l. Cabe recordar que esta persona presenta un retraso madurativo, lo cual agrava la situaci\u00f3n. El [&hellip;]<\/p>\n","protected":false},"author":4,"featured_media":16232,"comment_status":"open","ping_status":"closed","sticky":false,"template":"","format":"standard","meta":{"om_disable_all_campaigns":false,"_jetpack_memberships_contains_paid_content":false,"footnotes":""},"categories":[50,2,103],"tags":[],"class_list":["post-16231","post","type-post","status-publish","format-standard","has-post-thumbnail","hentry","category-destacadas","category-locales","category-policiales-locales"],"aioseo_notices":[],"gutentor_comment":0,"jetpack_featured_media_url":"https:\/\/eldiariodesanpedro.com.ar\/sitio\/wp-content\/uploads\/2017\/03\/1.jpeg","jetpack_shortlink":"https:\/\/wp.me\/p6RhLt-4dN","jetpack_sharing_enabled":true,"_links":{"self":[{"href":"https:\/\/eldiariodesanpedro.com.ar\/sitio\/wp-json\/wp\/v2\/posts\/16231","targetHints":{"allow":["GET"]}}],"collection":[{"href":"https:\/\/eldiariodesanpedro.com.ar\/sitio\/wp-json\/wp\/v2\/posts"}],"about":[{"href":"https:\/\/eldiariodesanpedro.com.ar\/sitio\/wp-json\/wp\/v2\/types\/post"}],"author":[{"embeddable":true,"href":"https:\/\/eldiariodesanpedro.com.ar\/sitio\/wp-json\/wp\/v2\/users\/4"}],"replies":[{"embeddable":true,"href":"https:\/\/eldiariodesanpedro.com.ar\/sitio\/wp-json\/wp\/v2\/comments?post=16231"}],"version-history":[{"count":1,"href":"https:\/\/eldiariodesanpedro.com.ar\/sitio\/wp-json\/wp\/v2\/posts\/16231\/revisions"}],"predecessor-version":[{"id":16233,"href":"https:\/\/eldiariodesanpedro.com.ar\/sitio\/wp-json\/wp\/v2\/posts\/16231\/revisions\/16233"}],"wp:featuredmedia":[{"embeddable":true,"href":"https:\/\/eldiariodesanpedro.com.ar\/sitio\/wp-json\/wp\/v2\/media\/16232"}],"wp:attachment":[{"href":"https:\/\/eldiariodesanpedro.com.ar\/sitio\/wp-json\/wp\/v2\/media?parent=16231"}],"wp:term":[{"taxonomy":"category","embeddable":true,"href":"https:\/\/eldiariodesanpedro.com.ar\/sitio\/wp-json\/wp\/v2\/categories?post=16231"},{"taxonomy":"post_tag","embeddable":true,"href":"https:\/\/eldiariodesanpedro.com.ar\/sitio\/wp-json\/wp\/v2\/tags?post=16231"}],"curies":[{"name":"wp","href":"https:\/\/api.w.org\/{rel}","templated":true}]}}