{"id":16226,"date":"2017-03-19T20:10:31","date_gmt":"2017-03-19T23:10:31","guid":{"rendered":"https:\/\/eldiariodesanpedro.com.ar\/sitio\/?p=16226"},"modified":"2026-01-24T00:30:44","modified_gmt":"2026-01-24T03:30:44","slug":"boxeo-interesante-programa-en-el-gimnasio-municipal","status":"publish","type":"post","link":"https:\/\/eldiariodesanpedro.com.ar\/sitio\/boxeo-interesante-programa-en-el-gimnasio-municipal\/","title":{"rendered":"BOXEO: Interesante programa en el Gimnasio Municipal"},"content":{"rendered":"<p><!-- VideographyWP Plugin Message: Automatic video embedding prevented by plugin options. --><br \/>\n  El pasado viernes en el Gimnasio Municipal, se llevaron a cabo varias peleas entre aficionados y profesionales. All\u00ed se destac\u00f3 con presentes, a ex figuras del boxeo local como Lorenzo Garc\u00eda y el entrenador Carlos Vargas, por sus 19 a\u00f1os en la direcci\u00f3n t\u00e9cnica. Auspici\u00f3 la Direcci\u00f3n de Deportes de la MDSP.<\/p>\n","protected":false},"excerpt":{"rendered":"<p>El pasado viernes en el Gimnasio Municipal, se llevaron a cabo varias peleas entre aficionados y profesionales. All\u00ed se destac\u00f3 con presentes, a ex figuras del boxeo local como Lorenzo Garc\u00eda y el entrenador Carlos Vargas, por sus 19 a\u00f1os en la direcci\u00f3n t\u00e9cnica. Auspici\u00f3 la Direcci\u00f3n de Deportes de la MDSP.<\/p>\n","protected":false},"author":4,"featured_media":16227,"comment_status":"open","ping_status":"closed","sticky":false,"template":"","format":"standard","meta":{"om_disable_all_campaigns":false,"_jetpack_memberships_contains_paid_content":false,"footnotes":""},"categories":[5],"tags":[],"class_list":["post-16226","post","type-post","status-publish","format-standard","has-post-thumbnail","hentry","category-deportes"],"aioseo_notices":[],"gutentor_comment":0,"jetpack_featured_media_url":"https:\/\/eldiariodesanpedro.com.ar\/sitio\/wp-content\/uploads\/2017\/03\/El-Director-de-Deportes-F.-J.-Bennazar-junto-a-L.-Garc\u00eda-Mario-Romero-las-boxeadoras-Esp\u00edndola-y-Franco-y-entrenadores.jpg","jetpack_shortlink":"https:\/\/wp.me\/p6RhLt-4dI","jetpack_sharing_enabled":true,"_links":{"self":[{"href":"https:\/\/eldiariodesanpedro.com.ar\/sitio\/wp-json\/wp\/v2\/posts\/16226","targetHints":{"allow":["GET"]}}],"collection":[{"href":"https:\/\/eldiariodesanpedro.com.ar\/sitio\/wp-json\/wp\/v2\/posts"}],"about":[{"href":"https:\/\/eldiariodesanpedro.com.ar\/sitio\/wp-json\/wp\/v2\/types\/post"}],"author":[{"embeddable":true,"href":"https:\/\/eldiariodesanpedro.com.ar\/sitio\/wp-json\/wp\/v2\/users\/4"}],"replies":[{"embeddable":true,"href":"https:\/\/eldiariodesanpedro.com.ar\/sitio\/wp-json\/wp\/v2\/comments?post=16226"}],"version-history":[{"count":1,"href":"https:\/\/eldiariodesanpedro.com.ar\/sitio\/wp-json\/wp\/v2\/posts\/16226\/revisions"}],"predecessor-version":[{"id":16228,"href":"https:\/\/eldiariodesanpedro.com.ar\/sitio\/wp-json\/wp\/v2\/posts\/16226\/revisions\/16228"}],"wp:featuredmedia":[{"embeddable":true,"href":"https:\/\/eldiariodesanpedro.com.ar\/sitio\/wp-json\/wp\/v2\/media\/16227"}],"wp:attachment":[{"href":"https:\/\/eldiariodesanpedro.com.ar\/sitio\/wp-json\/wp\/v2\/media?parent=16226"}],"wp:term":[{"taxonomy":"category","embeddable":true,"href":"https:\/\/eldiariodesanpedro.com.ar\/sitio\/wp-json\/wp\/v2\/categories?post=16226"},{"taxonomy":"post_tag","embeddable":true,"href":"https:\/\/eldiariodesanpedro.com.ar\/sitio\/wp-json\/wp\/v2\/tags?post=16226"}],"curies":[{"name":"wp","href":"https:\/\/api.w.org\/{rel}","templated":true}]}}