{"id":16216,"date":"2017-03-19T19:57:53","date_gmt":"2017-03-19T22:57:53","guid":{"rendered":"https:\/\/eldiariodesanpedro.com.ar\/sitio\/?p=16216"},"modified":"2026-01-24T00:30:45","modified_gmt":"2026-01-24T03:30:45","slug":"atletismo-rodrigo-salazar-se-consagro-campeon-provincial-en-5000-m","status":"publish","type":"post","link":"https:\/\/eldiariodesanpedro.com.ar\/sitio\/atletismo-rodrigo-salazar-se-consagro-campeon-provincial-en-5000-m\/","title":{"rendered":"ATLETISMO: Rodrigo Salazar se consagr\u00f3 campe\u00f3n Provincial en 5000 m."},"content":{"rendered":"<p><!-- VideographyWP Plugin Message: Automatic video embedding prevented by plugin options. --><br \/>\nDurante s\u00e1bado y domingo se llevaron a cabo diferentes pruebas en el Cenard, donde el sampedrino en el primer d\u00eda de competencia, se consagr\u00f3 campe\u00f3n Provincial en los 5000 m. Al cierre de esta edici\u00f3n, compet\u00eda en los 3000 m con obst\u00e1culos.<\/p>\n<p>  En la red social Facebook expres\u00f3 su alegr\u00eda: \u201cHoy pude salir campe\u00f3n Provincial de 5000 m, estoy muy contento. Corr\u00ed a ritmo 3,16 x km, le tengo que agradecer a mi entrenador por apoyarme y alentarme durante la carrera; a mi familia por su aliento a la distancia, al Club Ciudad de Campana por todo lo que me brinda, y a Herbalife que me brinda sus suplementos deportivos\u201d.<\/p>\n","protected":false},"excerpt":{"rendered":"<p>Durante s\u00e1bado y domingo se llevaron a cabo diferentes pruebas en el Cenard, donde el sampedrino en el primer d\u00eda de competencia, se consagr\u00f3 campe\u00f3n Provincial en los 5000 m. Al cierre de esta edici\u00f3n, compet\u00eda en los 3000 m con obst\u00e1culos. En la red social Facebook expres\u00f3 su alegr\u00eda: \u201cHoy pude salir campe\u00f3n Provincial [&hellip;]<\/p>\n","protected":false},"author":4,"featured_media":16219,"comment_status":"open","ping_status":"closed","sticky":false,"template":"","format":"standard","meta":{"om_disable_all_campaigns":false,"_jetpack_memberships_contains_paid_content":false,"footnotes":""},"categories":[5],"tags":[],"class_list":["post-16216","post","type-post","status-publish","format-standard","has-post-thumbnail","hentry","category-deportes"],"aioseo_notices":[],"gutentor_comment":0,"jetpack_featured_media_url":"https:\/\/eldiariodesanpedro.com.ar\/sitio\/wp-content\/uploads\/2017\/03\/Rodrigo-Salazar-en-el-podio-1.jpg","jetpack_shortlink":"https:\/\/wp.me\/p6RhLt-4dy","jetpack_sharing_enabled":true,"_links":{"self":[{"href":"https:\/\/eldiariodesanpedro.com.ar\/sitio\/wp-json\/wp\/v2\/posts\/16216","targetHints":{"allow":["GET"]}}],"collection":[{"href":"https:\/\/eldiariodesanpedro.com.ar\/sitio\/wp-json\/wp\/v2\/posts"}],"about":[{"href":"https:\/\/eldiariodesanpedro.com.ar\/sitio\/wp-json\/wp\/v2\/types\/post"}],"author":[{"embeddable":true,"href":"https:\/\/eldiariodesanpedro.com.ar\/sitio\/wp-json\/wp\/v2\/users\/4"}],"replies":[{"embeddable":true,"href":"https:\/\/eldiariodesanpedro.com.ar\/sitio\/wp-json\/wp\/v2\/comments?post=16216"}],"version-history":[{"count":1,"href":"https:\/\/eldiariodesanpedro.com.ar\/sitio\/wp-json\/wp\/v2\/posts\/16216\/revisions"}],"predecessor-version":[{"id":16218,"href":"https:\/\/eldiariodesanpedro.com.ar\/sitio\/wp-json\/wp\/v2\/posts\/16216\/revisions\/16218"}],"wp:featuredmedia":[{"embeddable":true,"href":"https:\/\/eldiariodesanpedro.com.ar\/sitio\/wp-json\/wp\/v2\/media\/16219"}],"wp:attachment":[{"href":"https:\/\/eldiariodesanpedro.com.ar\/sitio\/wp-json\/wp\/v2\/media?parent=16216"}],"wp:term":[{"taxonomy":"category","embeddable":true,"href":"https:\/\/eldiariodesanpedro.com.ar\/sitio\/wp-json\/wp\/v2\/categories?post=16216"},{"taxonomy":"post_tag","embeddable":true,"href":"https:\/\/eldiariodesanpedro.com.ar\/sitio\/wp-json\/wp\/v2\/tags?post=16216"}],"curies":[{"name":"wp","href":"https:\/\/api.w.org\/{rel}","templated":true}]}}