{"id":16213,"date":"2017-03-19T19:43:56","date_gmt":"2017-03-19T22:43:56","guid":{"rendered":"https:\/\/eldiariodesanpedro.com.ar\/sitio\/?p=16213"},"modified":"2017-03-19T19:43:56","modified_gmt":"2017-03-19T22:43:56","slug":"el-intendente-mauro-poletti-recorrio-la-empresa-laboratorios-ramallo-s-a","status":"publish","type":"post","link":"https:\/\/eldiariodesanpedro.com.ar\/sitio\/el-intendente-mauro-poletti-recorrio-la-empresa-laboratorios-ramallo-s-a\/","title":{"rendered":"El Intendente Mauro Poletti recorri\u00f3 la Empresa Laboratorios Ramallo S.A."},"content":{"rendered":"<p><!-- VideographyWP Plugin Message: Automatic video embedding prevented by plugin options. --><br \/>\nEl Intendente Municipal recorri\u00f3 junto a la prensa el predio de Laboratorios Ramallo S.A. ubicado en el Parque Industrial Comirsa.<br \/>\n  Esta Compa\u00f1\u00eda de capitales nacionales tendr\u00e1 dos l\u00edneas importantes de producci\u00f3n. Fabricar\u00e1 soluciones parenterales como el suero tipo sachet y la bolsa flexible para los sanatorios y hospitales. Y ampollas o inyectables.<\/p>\n<p>  \u201cEs una inmensa alegr\u00eda ver plasmadas todas las gestiones que se hicieron en 2016. Agradecemos a los inversores que apostaron a esta zona para poner en funcionamiento una empresa de tal magnitud. Hoy es una realidad ver a Laboratorios Ramallo ya construida y lista para arrancar\u201d, expresa entusiasmado el Intendente Poletti.<\/p>\n<p>  Durante el recorrido a cargo del Encargado de Planta Ing. Qu\u00edmico Edgardo Sclafani, tanto el Intendente como la prensa invitada fueron recibiendo informaci\u00f3n sobre todos los procesos de producci\u00f3n, al mismo tiempo que observaban las maquinarias.<\/p>\n<p>  \u201cHoy tener la posibilidad de estar recorriendo esta industria pr\u00f3xima a inaugurarse, teniendo en cuenta la ca\u00edda del empleo en todo el territorio argentino y con un paro nacional por delante, para nosotros no deja de ser algo que nos llena de satisfacci\u00f3n, porque sabemos que habr\u00e1 muchas familias m\u00e1s de nuestro distrito con nuevas fuentes de trabajo\u201d, enfatiza el Intendente.<\/p>\n<p>  El laboratorio ya cuenta con la habilitaci\u00f3n municipal, provincial y nacional; y se aguarda la aprobaci\u00f3n de la ANMAT (Asociaci\u00f3n Nacional de Medicamentos, Alimentos y Tecnolog\u00eda M\u00e9dica).<\/p>\n<p>  \u201cCuando asumimos ten\u00edamos dos grandes problemas estructurales, una era la falta de viviendas y otro, la falta de empleo con muchos problemas de inserci\u00f3n laboral de la mujer, ya que la mayor\u00eda de las empresas piden hombres\u201d, sostiene Poletti y contin\u00faa: \u201cen este tipo de industrias se podr\u00e1n insertar muchas mujeres, de hecho, aquellas mujeres que han acercado el C.V. a la Oficina de Empleos Municipal van a tener altas posibilidades de ingresar. Venimos trabajando fuertemente para que la totalidad de los empleados a contratar sean del partido de Ramallo\u201d.<\/p>\n<p>  En 20 d\u00edas arrancar\u00e1n las entrevistas en la Direcci\u00f3n de Empleos del Municipio y al ser una planta tan grande va a demandar personal con varios perfiles laborales. Es por ello que, sin lugar a dudas, la inminente inauguraci\u00f3n de esta empresa cambiar\u00e1 la vida de muchas familias de nuestra comunidad.<\/p>\n<p>  Se prev\u00e9 entre 200 y 250 puestos de trabajo en una primera etapa con posibilidad de duplicar esta cifra. Por tal motivo, el Municipio de Ramallo invita a acercar el C.V. a quienes est\u00e9n interesados en formar parte de este laboratorio de \u00faltima generaci\u00f3n con maquinarias \u00fanicas en todo Am\u00e9rica Latina, destacando que se trata de una empresa que producir\u00e1 mucho m\u00e1s que lo que consume todo el pa\u00eds.<\/p>\n<p>  Se trata de una empresa que fabricar\u00e1 gran volumen de productos y que tiene mucho por crecer y como consecuencia, brindar\u00e1 m\u00e1s posibilidades de trabajo a toda la comunidad del Partido de Ramallo.<\/p>\n","protected":false},"excerpt":{"rendered":"<p>El Intendente Municipal recorri\u00f3 junto a la prensa el predio de Laboratorios Ramallo S.A. ubicado en el Parque Industrial Comirsa. Esta Compa\u00f1\u00eda de capitales nacionales tendr\u00e1 dos l\u00edneas importantes de producci\u00f3n. Fabricar\u00e1 soluciones parenterales como el suero tipo sachet y la bolsa flexible para los sanatorios y hospitales. Y ampollas o inyectables. \u201cEs una inmensa [&hellip;]<\/p>\n","protected":false},"author":4,"featured_media":16214,"comment_status":"open","ping_status":"closed","sticky":false,"template":"","format":"standard","meta":{"om_disable_all_campaigns":false,"_jetpack_memberships_contains_paid_content":false,"footnotes":""},"categories":[621],"tags":[],"class_list":["post-16213","post","type-post","status-publish","format-standard","has-post-thumbnail","hentry","category-regionales"],"aioseo_notices":[],"gutentor_comment":0,"jetpack_featured_media_url":"https:\/\/eldiariodesanpedro.com.ar\/sitio\/wp-content\/uploads\/2017\/03\/El-Intendente-Mauro-Poletti-recorri\u00f3-la-Empresa-Laboratorios-Ramallo-S.A.jpg","jetpack_shortlink":"https:\/\/wp.me\/p6RhLt-4dv","jetpack_sharing_enabled":true,"_links":{"self":[{"href":"https:\/\/eldiariodesanpedro.com.ar\/sitio\/wp-json\/wp\/v2\/posts\/16213","targetHints":{"allow":["GET"]}}],"collection":[{"href":"https:\/\/eldiariodesanpedro.com.ar\/sitio\/wp-json\/wp\/v2\/posts"}],"about":[{"href":"https:\/\/eldiariodesanpedro.com.ar\/sitio\/wp-json\/wp\/v2\/types\/post"}],"author":[{"embeddable":true,"href":"https:\/\/eldiariodesanpedro.com.ar\/sitio\/wp-json\/wp\/v2\/users\/4"}],"replies":[{"embeddable":true,"href":"https:\/\/eldiariodesanpedro.com.ar\/sitio\/wp-json\/wp\/v2\/comments?post=16213"}],"version-history":[{"count":1,"href":"https:\/\/eldiariodesanpedro.com.ar\/sitio\/wp-json\/wp\/v2\/posts\/16213\/revisions"}],"predecessor-version":[{"id":16215,"href":"https:\/\/eldiariodesanpedro.com.ar\/sitio\/wp-json\/wp\/v2\/posts\/16213\/revisions\/16215"}],"wp:featuredmedia":[{"embeddable":true,"href":"https:\/\/eldiariodesanpedro.com.ar\/sitio\/wp-json\/wp\/v2\/media\/16214"}],"wp:attachment":[{"href":"https:\/\/eldiariodesanpedro.com.ar\/sitio\/wp-json\/wp\/v2\/media?parent=16213"}],"wp:term":[{"taxonomy":"category","embeddable":true,"href":"https:\/\/eldiariodesanpedro.com.ar\/sitio\/wp-json\/wp\/v2\/categories?post=16213"},{"taxonomy":"post_tag","embeddable":true,"href":"https:\/\/eldiariodesanpedro.com.ar\/sitio\/wp-json\/wp\/v2\/tags?post=16213"}],"curies":[{"name":"wp","href":"https:\/\/api.w.org\/{rel}","templated":true}]}}