{"id":16210,"date":"2017-03-19T19:39:58","date_gmt":"2017-03-19T22:39:58","guid":{"rendered":"https:\/\/eldiariodesanpedro.com.ar\/sitio\/?p=16210"},"modified":"2017-03-19T19:39:58","modified_gmt":"2017-03-19T22:39:58","slug":"un-muerto-tras-un-choque-de-camiones-en-la-ruta-nacional-n8","status":"publish","type":"post","link":"https:\/\/eldiariodesanpedro.com.ar\/sitio\/un-muerto-tras-un-choque-de-camiones-en-la-ruta-nacional-n8\/","title":{"rendered":"Un muerto tras un choque de camiones en la Ruta Nacional N\u00b08"},"content":{"rendered":"<p><!-- VideographyWP Plugin Message: Automatic video embedding prevented by plugin options. --><br \/>\n  El viernes, cerca de las 6 hs., colisionaron dos camiones en Ruta Nacional N\u00b0 8 a la altura del Hotel Las Moras, en Arrecifes; con el tr\u00e1gico saldo de una persona fallecida.<\/p>\n<p>  Los dos veh\u00edculos (un Volvo y un Mercedes Benz) circulaban en el mismo sentido Capit\u00e1n Sarmiento-Arrecifes, y en la zona del puente del R\u00edo Arrecifes (kil\u00f3metro 169) colisionaron violentamente.<\/p>\n<p>  Por el momento, se desconocen los motivos que ocasionaron este accidente, pero las versiones indicar\u00edan que el Mercedes 1114 que transportaba pollos, oriundo de la ciudad de Pilar, fue impactado desde atr\u00e1s por el Volvo, cargado con c\u00e1scara de arroz; quedando su cabina destruida.<\/p>\n<p>  Como consecuencia del impacto falleci\u00f3 el acompa\u00f1ante del Volvo, un hombre nativo de Concepci\u00f3n del Uruguay. Adem\u00e1s, hubo al menos dos personas m\u00e1s heridas, las que fueron trasladadas primeramente al Hospital Santa Francisca de la vecina localidad de Arrecifes.<br \/>\n  En el lugar trabajaron Polic\u00eda local, Cient\u00edfica, Bomberos, Patrulla Urbana, Corredor Central, Ayudant\u00eda Fiscal y personal de Salud. (Bosco Producciones)<\/p>\n","protected":false},"excerpt":{"rendered":"<p>El viernes, cerca de las 6 hs., colisionaron dos camiones en Ruta Nacional N\u00b0 8 a la altura del Hotel Las Moras, en Arrecifes; con el tr\u00e1gico saldo de una persona fallecida. Los dos veh\u00edculos (un Volvo y un Mercedes Benz) circulaban en el mismo sentido Capit\u00e1n Sarmiento-Arrecifes, y en la zona del puente del [&hellip;]<\/p>\n","protected":false},"author":4,"featured_media":16211,"comment_status":"open","ping_status":"closed","sticky":false,"template":"","format":"standard","meta":{"om_disable_all_campaigns":false,"_jetpack_memberships_contains_paid_content":false,"footnotes":""},"categories":[621],"tags":[],"class_list":["post-16210","post","type-post","status-publish","format-standard","has-post-thumbnail","hentry","category-regionales"],"aioseo_notices":[],"gutentor_comment":0,"jetpack_featured_media_url":"https:\/\/eldiariodesanpedro.com.ar\/sitio\/wp-content\/uploads\/2017\/03\/El-accidente-en-la-Ruta-Nacional-N\u00b08.jpeg","jetpack_shortlink":"https:\/\/wp.me\/p6RhLt-4ds","jetpack_sharing_enabled":true,"_links":{"self":[{"href":"https:\/\/eldiariodesanpedro.com.ar\/sitio\/wp-json\/wp\/v2\/posts\/16210","targetHints":{"allow":["GET"]}}],"collection":[{"href":"https:\/\/eldiariodesanpedro.com.ar\/sitio\/wp-json\/wp\/v2\/posts"}],"about":[{"href":"https:\/\/eldiariodesanpedro.com.ar\/sitio\/wp-json\/wp\/v2\/types\/post"}],"author":[{"embeddable":true,"href":"https:\/\/eldiariodesanpedro.com.ar\/sitio\/wp-json\/wp\/v2\/users\/4"}],"replies":[{"embeddable":true,"href":"https:\/\/eldiariodesanpedro.com.ar\/sitio\/wp-json\/wp\/v2\/comments?post=16210"}],"version-history":[{"count":1,"href":"https:\/\/eldiariodesanpedro.com.ar\/sitio\/wp-json\/wp\/v2\/posts\/16210\/revisions"}],"predecessor-version":[{"id":16212,"href":"https:\/\/eldiariodesanpedro.com.ar\/sitio\/wp-json\/wp\/v2\/posts\/16210\/revisions\/16212"}],"wp:featuredmedia":[{"embeddable":true,"href":"https:\/\/eldiariodesanpedro.com.ar\/sitio\/wp-json\/wp\/v2\/media\/16211"}],"wp:attachment":[{"href":"https:\/\/eldiariodesanpedro.com.ar\/sitio\/wp-json\/wp\/v2\/media?parent=16210"}],"wp:term":[{"taxonomy":"category","embeddable":true,"href":"https:\/\/eldiariodesanpedro.com.ar\/sitio\/wp-json\/wp\/v2\/categories?post=16210"},{"taxonomy":"post_tag","embeddable":true,"href":"https:\/\/eldiariodesanpedro.com.ar\/sitio\/wp-json\/wp\/v2\/tags?post=16210"}],"curies":[{"name":"wp","href":"https:\/\/api.w.org\/{rel}","templated":true}]}}