{"id":16207,"date":"2017-03-19T19:37:08","date_gmt":"2017-03-19T22:37:08","guid":{"rendered":"https:\/\/eldiariodesanpedro.com.ar\/sitio\/?p=16207"},"modified":"2017-03-19T19:37:08","modified_gmt":"2017-03-19T22:37:08","slug":"zarate-joven-de-zarate-muerto-atacado-con-arma-blanca-en-episodio-todavia-confuso","status":"publish","type":"post","link":"https:\/\/eldiariodesanpedro.com.ar\/sitio\/zarate-joven-de-zarate-muerto-atacado-con-arma-blanca-en-episodio-todavia-confuso\/","title":{"rendered":"Z\u00c1RATE: Joven de Z\u00e1rate muerto, atacado con arma blanca, en episodio todav\u00eda confuso"},"content":{"rendered":"<p><!-- VideographyWP Plugin Message: Automatic video embedding prevented by plugin options. --><br \/>\n  El viernes, Juan Manuel Macedo, fue atacado siendo v\u00edctima de un agresor que lo hiri\u00f3 con un arma blanca. Muri\u00f3 luego de ser llevado al Hospital.<\/p>\n<p>  Juan Manuel estaba con su pareja y una amiga a punto de subirse al autom\u00f3vil en el cual se trasladaban, cuando de repente un individuo lo intercept\u00f3 y atac\u00f3 con un arma blanca. El episodio ocurri\u00f3 entre las 4:00 y 5:00 horas del viernes, en la calle 19 de Marzo, antes de llegar a Ameghino.<\/p>\n<p>  Seg\u00fan un testigo, pasaba gente a esa hora por el lugar. No se sabe si el agresor intentaba robarle, pero al herirlo sali\u00f3 corriendo en direcci\u00f3n a 19 de Marzo.<\/p>\n<p>  La v\u00edctima tambi\u00e9n corri\u00f3 por la misma calle, pero en sentido contrario hasta llegar a la esquina de R\u00f3mulo Noya. Fue trasladado al Hospital y falleci\u00f3 all\u00ed.<\/p>\n<p>  Juan Manuel trabajaba en la estaci\u00f3n de servicio Axion Energy ubicada en 19 de Marzo e Ituzaing\u00f3.<br \/>\n  En el lugar del hecho, se hizo presente Polic\u00eda Cient\u00edfica y la Fiscal\u00eda de Campana, por posible hecho de homicidio. (Z\u00e1rate Alerta)<\/p>\n","protected":false},"excerpt":{"rendered":"<p>El viernes, Juan Manuel Macedo, fue atacado siendo v\u00edctima de un agresor que lo hiri\u00f3 con un arma blanca. Muri\u00f3 luego de ser llevado al Hospital. Juan Manuel estaba con su pareja y una amiga a punto de subirse al autom\u00f3vil en el cual se trasladaban, cuando de repente un individuo lo intercept\u00f3 y atac\u00f3 [&hellip;]<\/p>\n","protected":false},"author":4,"featured_media":16208,"comment_status":"open","ping_status":"closed","sticky":false,"template":"","format":"standard","meta":{"om_disable_all_campaigns":false,"_jetpack_memberships_contains_paid_content":false,"footnotes":""},"categories":[621],"tags":[],"class_list":["post-16207","post","type-post","status-publish","format-standard","has-post-thumbnail","hentry","category-regionales"],"aioseo_notices":[],"gutentor_comment":0,"jetpack_featured_media_url":"https:\/\/eldiariodesanpedro.com.ar\/sitio\/wp-content\/uploads\/2017\/03\/joven-zarate.jpg","jetpack_shortlink":"https:\/\/wp.me\/p6RhLt-4dp","jetpack_sharing_enabled":true,"_links":{"self":[{"href":"https:\/\/eldiariodesanpedro.com.ar\/sitio\/wp-json\/wp\/v2\/posts\/16207","targetHints":{"allow":["GET"]}}],"collection":[{"href":"https:\/\/eldiariodesanpedro.com.ar\/sitio\/wp-json\/wp\/v2\/posts"}],"about":[{"href":"https:\/\/eldiariodesanpedro.com.ar\/sitio\/wp-json\/wp\/v2\/types\/post"}],"author":[{"embeddable":true,"href":"https:\/\/eldiariodesanpedro.com.ar\/sitio\/wp-json\/wp\/v2\/users\/4"}],"replies":[{"embeddable":true,"href":"https:\/\/eldiariodesanpedro.com.ar\/sitio\/wp-json\/wp\/v2\/comments?post=16207"}],"version-history":[{"count":1,"href":"https:\/\/eldiariodesanpedro.com.ar\/sitio\/wp-json\/wp\/v2\/posts\/16207\/revisions"}],"predecessor-version":[{"id":16209,"href":"https:\/\/eldiariodesanpedro.com.ar\/sitio\/wp-json\/wp\/v2\/posts\/16207\/revisions\/16209"}],"wp:featuredmedia":[{"embeddable":true,"href":"https:\/\/eldiariodesanpedro.com.ar\/sitio\/wp-json\/wp\/v2\/media\/16208"}],"wp:attachment":[{"href":"https:\/\/eldiariodesanpedro.com.ar\/sitio\/wp-json\/wp\/v2\/media?parent=16207"}],"wp:term":[{"taxonomy":"category","embeddable":true,"href":"https:\/\/eldiariodesanpedro.com.ar\/sitio\/wp-json\/wp\/v2\/categories?post=16207"},{"taxonomy":"post_tag","embeddable":true,"href":"https:\/\/eldiariodesanpedro.com.ar\/sitio\/wp-json\/wp\/v2\/tags?post=16207"}],"curies":[{"name":"wp","href":"https:\/\/api.w.org\/{rel}","templated":true}]}}