{"id":16204,"date":"2017-03-19T19:16:35","date_gmt":"2017-03-19T22:16:35","guid":{"rendered":"https:\/\/eldiariodesanpedro.com.ar\/sitio\/?p=16204"},"modified":"2017-03-19T19:16:35","modified_gmt":"2017-03-19T22:16:35","slug":"comienza-la-instalacion-de-las-nuevas-camaras-de-seguridad","status":"publish","type":"post","link":"https:\/\/eldiariodesanpedro.com.ar\/sitio\/comienza-la-instalacion-de-las-nuevas-camaras-de-seguridad\/","title":{"rendered":"Comienza la instalaci\u00f3n de las nuevas c\u00e1maras de seguridad"},"content":{"rendered":"<p><!-- VideographyWP Plugin Message: Automatic video embedding prevented by plugin options. --><br \/>\n  \u201cYa est\u00e1 trabajando la empresa, ya tenemos algunos de los elementos necesarios para llevar todo el sistema\u201d, explic\u00f3 el Director de Seguridad P\u00fablica Eduardo Roleri.   <\/p>\n<p>  \u201cEl Director de Modernizaci\u00f3n, Hern\u00e1n Contreras, me asegur\u00f3 que en dos meses vamos a estar con las primeras c\u00e1maras y si Dios quiere, en poco tiempo m\u00e1s tendr\u00edamos todo el sistema habilitado\u201d, asever\u00f3.  <\/p>\n<p>  Ahora \u201cva a haber un total de 45 a 50 c\u00e1maras\u201d funcionando en el Centro de Monitoreo, manifest\u00f3 el funcionario. Es importante destacar que con ello, se triplicar\u00e1 la cantidad de aparatos instalados que tienen como objetivo registrar todo lo que sucede en la v\u00eda p\u00fablica.<\/p>\n<p>  De este modo, se contar\u00e1 con un radio m\u00e1s amplio de cobertura de c\u00e1maras de seguridad, conectadas por fibra \u00f3ptica y con gran definici\u00f3n de imagen. Y agreg\u00f3: \u201cVamos a necesitar capacitaci\u00f3n del personal y por ah\u00ed vamos a tener que incorporar a alguien m\u00e1s. Vamos a buscar dentro de los empleados del Municipio con capacitaci\u00f3n suficiente para hacerlo\u201d.<\/p>\n<p>  Cabe recordar, que el proceso se realiza a trav\u00e9s de la licitaci\u00f3n p\u00fablica hecha en el 2016, con n\u00famero de expediente 7117\/16. La misma, fue ganada por la empresa Cablevisi\u00f3n Fibertel Corp.  <\/p>\n<p>  El mes pasado, el Intendente Salazar firm\u00f3 el convenio junto a Ariel Rodr\u00edguez, responsable en la zona, de la firma.<\/p>\n","protected":false},"excerpt":{"rendered":"<p>\u201cYa est\u00e1 trabajando la empresa, ya tenemos algunos de los elementos necesarios para llevar todo el sistema\u201d, explic\u00f3 el Director de Seguridad P\u00fablica Eduardo Roleri. \u201cEl Director de Modernizaci\u00f3n, Hern\u00e1n Contreras, me asegur\u00f3 que en dos meses vamos a estar con las primeras c\u00e1maras y si Dios quiere, en poco tiempo m\u00e1s tendr\u00edamos todo el [&hellip;]<\/p>\n","protected":false},"author":4,"featured_media":16205,"comment_status":"open","ping_status":"closed","sticky":false,"template":"","format":"standard","meta":{"om_disable_all_campaigns":false,"_jetpack_memberships_contains_paid_content":false,"footnotes":""},"categories":[101,2],"tags":[],"class_list":["post-16204","post","type-post","status-publish","format-standard","has-post-thumbnail","hentry","category-interes-general-locales","category-locales"],"aioseo_notices":[],"gutentor_comment":0,"jetpack_featured_media_url":"https:\/\/eldiariodesanpedro.com.ar\/sitio\/wp-content\/uploads\/2017\/03\/camara-seguridad-instalacion.jpg","jetpack_shortlink":"https:\/\/wp.me\/p6RhLt-4dm","jetpack_sharing_enabled":true,"_links":{"self":[{"href":"https:\/\/eldiariodesanpedro.com.ar\/sitio\/wp-json\/wp\/v2\/posts\/16204","targetHints":{"allow":["GET"]}}],"collection":[{"href":"https:\/\/eldiariodesanpedro.com.ar\/sitio\/wp-json\/wp\/v2\/posts"}],"about":[{"href":"https:\/\/eldiariodesanpedro.com.ar\/sitio\/wp-json\/wp\/v2\/types\/post"}],"author":[{"embeddable":true,"href":"https:\/\/eldiariodesanpedro.com.ar\/sitio\/wp-json\/wp\/v2\/users\/4"}],"replies":[{"embeddable":true,"href":"https:\/\/eldiariodesanpedro.com.ar\/sitio\/wp-json\/wp\/v2\/comments?post=16204"}],"version-history":[{"count":1,"href":"https:\/\/eldiariodesanpedro.com.ar\/sitio\/wp-json\/wp\/v2\/posts\/16204\/revisions"}],"predecessor-version":[{"id":16206,"href":"https:\/\/eldiariodesanpedro.com.ar\/sitio\/wp-json\/wp\/v2\/posts\/16204\/revisions\/16206"}],"wp:featuredmedia":[{"embeddable":true,"href":"https:\/\/eldiariodesanpedro.com.ar\/sitio\/wp-json\/wp\/v2\/media\/16205"}],"wp:attachment":[{"href":"https:\/\/eldiariodesanpedro.com.ar\/sitio\/wp-json\/wp\/v2\/media?parent=16204"}],"wp:term":[{"taxonomy":"category","embeddable":true,"href":"https:\/\/eldiariodesanpedro.com.ar\/sitio\/wp-json\/wp\/v2\/categories?post=16204"},{"taxonomy":"post_tag","embeddable":true,"href":"https:\/\/eldiariodesanpedro.com.ar\/sitio\/wp-json\/wp\/v2\/tags?post=16204"}],"curies":[{"name":"wp","href":"https:\/\/api.w.org\/{rel}","templated":true}]}}