{"id":16201,"date":"2017-03-19T19:08:43","date_gmt":"2017-03-19T22:08:43","guid":{"rendered":"https:\/\/eldiariodesanpedro.com.ar\/sitio\/?p=16201"},"modified":"2017-03-19T19:08:43","modified_gmt":"2017-03-19T22:08:43","slug":"el-municipio-y-ashira-negocian-que-se-deje-de-prestar-el-servicio-del-barrido-mecanico","status":"publish","type":"post","link":"https:\/\/eldiariodesanpedro.com.ar\/sitio\/el-municipio-y-ashira-negocian-que-se-deje-de-prestar-el-servicio-del-barrido-mecanico\/","title":{"rendered":"EL Municipio y Ashira negocian que se deje de prestar el servicio del barrido mec\u00e1nico"},"content":{"rendered":"<p><!-- VideographyWP Plugin Message: Automatic video embedding prevented by plugin options. --><br \/>\n  El Municipio y la empresa negocian un nuevo contrato en el que no se incluir\u00e1 el servicio que, desde el punto de vista de la gesti\u00f3n municipal, es pr\u00e1cticamente nulo en la actualidad.<\/p>\n<p>  Sobre ello, el Secretario de Econom\u00eda y Hacienda, Mario S\u00e1nchez Negrete asegur\u00f3 que la iniciativa se da \u201cen el marco de una negociaci\u00f3n mucho m\u00e1s amplia que estamos haciendo con la empresa, que tiene como objetivo regularizar la gran deuda que tiene el Municipio con la misma\u201d. Asever\u00f3 que la deuda asciende a \u201c58 millones de pesos incluyendo intereses\u201d en la actualidad.<\/p>\n<p>  En tanto que, explic\u00f3 que el contrato estar\u00eda venciendo el 31 de marzo y se est\u00e1 hablando de una renovaci\u00f3n, pero sin incluir el barrido mec\u00e1nico, porque es un servicio que consideramos del se puede prescindir y no se presta como deber\u00eda; preferimos dejarlo sin efecto.<\/p>\n<p>  \u201cEstamos negociando un acuerdo que nos permita pagar parte de la deuda a trav\u00e9s de una financiaci\u00f3n con la empresa\u201d, asever\u00f3 el funcionario. Y agreg\u00f3: \u201cLa idea es que a partir del 1ero de abril, ese servicio no se preste m\u00e1s\u201d.<\/p>\n<p>  \u201cDesde que asumi\u00f3 Cecilio se cumpli\u00f3 en el pago religiosamente; del ejercicio 2016 no se debe un solo peso, se ha pagado en t\u00e9rmino, pero hay una deuda de mora que tiene un capital original de alrededor de 30 millones de pesos y genera un 24% de inter\u00e9s anual\u201d, manifest\u00f3 el Secretario municipal.<\/p>\n","protected":false},"excerpt":{"rendered":"<p>El Municipio y la empresa negocian un nuevo contrato en el que no se incluir\u00e1 el servicio que, desde el punto de vista de la gesti\u00f3n municipal, es pr\u00e1cticamente nulo en la actualidad. Sobre ello, el Secretario de Econom\u00eda y Hacienda, Mario S\u00e1nchez Negrete asegur\u00f3 que la iniciativa se da \u201cen el marco de una [&hellip;]<\/p>\n","protected":false},"author":4,"featured_media":16202,"comment_status":"open","ping_status":"closed","sticky":false,"template":"","format":"standard","meta":{"om_disable_all_campaigns":false,"_jetpack_memberships_contains_paid_content":false,"footnotes":""},"categories":[101,2],"tags":[],"class_list":["post-16201","post","type-post","status-publish","format-standard","has-post-thumbnail","hentry","category-interes-general-locales","category-locales"],"aioseo_notices":[],"gutentor_comment":0,"jetpack_featured_media_url":"https:\/\/eldiariodesanpedro.com.ar\/sitio\/wp-content\/uploads\/2017\/03\/barredora-aspiradora-recolectora.jpg","jetpack_shortlink":"https:\/\/wp.me\/p6RhLt-4dj","jetpack_sharing_enabled":true,"_links":{"self":[{"href":"https:\/\/eldiariodesanpedro.com.ar\/sitio\/wp-json\/wp\/v2\/posts\/16201","targetHints":{"allow":["GET"]}}],"collection":[{"href":"https:\/\/eldiariodesanpedro.com.ar\/sitio\/wp-json\/wp\/v2\/posts"}],"about":[{"href":"https:\/\/eldiariodesanpedro.com.ar\/sitio\/wp-json\/wp\/v2\/types\/post"}],"author":[{"embeddable":true,"href":"https:\/\/eldiariodesanpedro.com.ar\/sitio\/wp-json\/wp\/v2\/users\/4"}],"replies":[{"embeddable":true,"href":"https:\/\/eldiariodesanpedro.com.ar\/sitio\/wp-json\/wp\/v2\/comments?post=16201"}],"version-history":[{"count":1,"href":"https:\/\/eldiariodesanpedro.com.ar\/sitio\/wp-json\/wp\/v2\/posts\/16201\/revisions"}],"predecessor-version":[{"id":16203,"href":"https:\/\/eldiariodesanpedro.com.ar\/sitio\/wp-json\/wp\/v2\/posts\/16201\/revisions\/16203"}],"wp:featuredmedia":[{"embeddable":true,"href":"https:\/\/eldiariodesanpedro.com.ar\/sitio\/wp-json\/wp\/v2\/media\/16202"}],"wp:attachment":[{"href":"https:\/\/eldiariodesanpedro.com.ar\/sitio\/wp-json\/wp\/v2\/media?parent=16201"}],"wp:term":[{"taxonomy":"category","embeddable":true,"href":"https:\/\/eldiariodesanpedro.com.ar\/sitio\/wp-json\/wp\/v2\/categories?post=16201"},{"taxonomy":"post_tag","embeddable":true,"href":"https:\/\/eldiariodesanpedro.com.ar\/sitio\/wp-json\/wp\/v2\/tags?post=16201"}],"curies":[{"name":"wp","href":"https:\/\/api.w.org\/{rel}","templated":true}]}}