{"id":16198,"date":"2017-03-19T19:07:07","date_gmt":"2017-03-19T22:07:07","guid":{"rendered":"https:\/\/eldiariodesanpedro.com.ar\/sitio\/?p=16198"},"modified":"2026-01-24T00:39:11","modified_gmt":"2026-01-24T03:39:11","slug":"buscan-a-un-joven-que-se-retiro-de-su-hogar-tras-discutir-con-su-padre-y-no-regreso","status":"publish","type":"post","link":"https:\/\/eldiariodesanpedro.com.ar\/sitio\/buscan-a-un-joven-que-se-retiro-de-su-hogar-tras-discutir-con-su-padre-y-no-regreso\/","title":{"rendered":"Buscan a un joven que se retir\u00f3 de su hogar tras discutir con su padre y no regres\u00f3"},"content":{"rendered":"<p><!-- VideographyWP Plugin Message: Automatic video embedding prevented by plugin options. --><br \/>\n  La Polic\u00eda ha solicitado difusi\u00f3n para la averiguaci\u00f3n de paradero de un joven de 30 a\u00f1os que se ausent\u00f3 de su hogar en horas de la ma\u00f1ana de este s\u00e1bado.<\/p>\n<p>  Seg\u00fan se pudo establecer, esta persona que tiene un retraso madurativo, se fue de su hogar tras una discusi\u00f3n con su progenitor a bordo de su bicicleta color amarillo.<\/p>\n<p>  El mismo es de contextura f\u00edsica delgada, de 1.77 m de altura, peso aproximado de 80 kg., cutis trigue\u00f1o, cabellos cortos oscuros; vest\u00eda al momento de ausentarse campera color gris, pantal\u00f3n tipo babucha color gris, gorro con visera color gris o blanca y zapatillas negras.<\/p>\n<p>  Aquellos que puedan acercar informaci\u00f3n sobre su paradero pueden hacerlo en B. Mitre 650 o al Tel\u00e9fono: (03329) 425266 de la Comisar\u00eda de San Pedro.<\/p>\n","protected":false},"excerpt":{"rendered":"<p>La Polic\u00eda ha solicitado difusi\u00f3n para la averiguaci\u00f3n de paradero de un joven de 30 a\u00f1os que se ausent\u00f3 de su hogar en horas de la ma\u00f1ana de este s\u00e1bado. Seg\u00fan se pudo establecer, esta persona que tiene un retraso madurativo, se fue de su hogar tras una discusi\u00f3n con su progenitor a bordo de [&hellip;]<\/p>\n","protected":false},"author":4,"featured_media":16199,"comment_status":"open","ping_status":"closed","sticky":false,"template":"","format":"standard","meta":{"om_disable_all_campaigns":false,"_jetpack_memberships_contains_paid_content":false,"footnotes":""},"categories":[2],"tags":[],"class_list":["post-16198","post","type-post","status-publish","format-standard","has-post-thumbnail","hentry","category-locales"],"aioseo_notices":[],"gutentor_comment":0,"jetpack_featured_media_url":"https:\/\/eldiariodesanpedro.com.ar\/sitio\/wp-content\/uploads\/2017\/03\/El-joven-que-se-fue-de-su-hogar.jpeg","jetpack_shortlink":"https:\/\/wp.me\/p6RhLt-4dg","jetpack_sharing_enabled":true,"_links":{"self":[{"href":"https:\/\/eldiariodesanpedro.com.ar\/sitio\/wp-json\/wp\/v2\/posts\/16198","targetHints":{"allow":["GET"]}}],"collection":[{"href":"https:\/\/eldiariodesanpedro.com.ar\/sitio\/wp-json\/wp\/v2\/posts"}],"about":[{"href":"https:\/\/eldiariodesanpedro.com.ar\/sitio\/wp-json\/wp\/v2\/types\/post"}],"author":[{"embeddable":true,"href":"https:\/\/eldiariodesanpedro.com.ar\/sitio\/wp-json\/wp\/v2\/users\/4"}],"replies":[{"embeddable":true,"href":"https:\/\/eldiariodesanpedro.com.ar\/sitio\/wp-json\/wp\/v2\/comments?post=16198"}],"version-history":[{"count":1,"href":"https:\/\/eldiariodesanpedro.com.ar\/sitio\/wp-json\/wp\/v2\/posts\/16198\/revisions"}],"predecessor-version":[{"id":16200,"href":"https:\/\/eldiariodesanpedro.com.ar\/sitio\/wp-json\/wp\/v2\/posts\/16198\/revisions\/16200"}],"wp:featuredmedia":[{"embeddable":true,"href":"https:\/\/eldiariodesanpedro.com.ar\/sitio\/wp-json\/wp\/v2\/media\/16199"}],"wp:attachment":[{"href":"https:\/\/eldiariodesanpedro.com.ar\/sitio\/wp-json\/wp\/v2\/media?parent=16198"}],"wp:term":[{"taxonomy":"category","embeddable":true,"href":"https:\/\/eldiariodesanpedro.com.ar\/sitio\/wp-json\/wp\/v2\/categories?post=16198"},{"taxonomy":"post_tag","embeddable":true,"href":"https:\/\/eldiariodesanpedro.com.ar\/sitio\/wp-json\/wp\/v2\/tags?post=16198"}],"curies":[{"name":"wp","href":"https:\/\/api.w.org\/{rel}","templated":true}]}}