{"id":16195,"date":"2017-03-19T18:59:38","date_gmt":"2017-03-19T21:59:38","guid":{"rendered":"https:\/\/eldiariodesanpedro.com.ar\/sitio\/?p=16195"},"modified":"2017-03-19T18:59:38","modified_gmt":"2017-03-19T21:59:38","slug":"inspectores-multaron-y-secuestraron-la-moto-del-jefe-de-personal","status":"publish","type":"post","link":"https:\/\/eldiariodesanpedro.com.ar\/sitio\/inspectores-multaron-y-secuestraron-la-moto-del-jefe-de-personal\/","title":{"rendered":"Inspectores multaron y secuestraron la moto del Jefe de Personal"},"content":{"rendered":"<p><!-- VideographyWP Plugin Message: Automatic video embedding prevented by plugin options. --><br \/>\n  La situaci\u00f3n se gener\u00f3 el viernes por la ma\u00f1ana, cuando el funcionario lleg\u00f3 al edificio de Inspecci\u00f3n General en un ciclomotor que no estaba en muy buenas condiciones. <\/p>\n<p>  Dos agentes municipales que se desempe\u00f1an en el \u00e1rea, le requirieron la documentaci\u00f3n que Augusto Ramos no ten\u00eda encima, por lo que le secuestraron el rodado. Seg\u00fan la versi\u00f3n de ellos, bajo amenazas. Es por ello que radicaron una Exposici\u00f3n Civil para dejar asentada la situaci\u00f3n.  <\/p>\n<p>  En ese sentido Juan Monz\u00f3n, uno de los inspectores involucrados en el hecho dijo a trav\u00e9s de La Radio 92.3: \u201cTodos los d\u00edas hacemos un mini operativo delante de lo que es el \u00e1rea nuestra, la gente tiene que entender que no es un lugar para ir sin documentaci\u00f3n y sin casco protector\u201d.  <\/p>\n<p>  \u201cVimos que el se\u00f1or baja por otros temas, y la moto no ten\u00eda patente, estaba muy destruida; es cuando le digo a mi compa\u00f1era: \u201cLo voy a llamar a Augusto (Ramos) y le voy a pedir la documentaci\u00f3n\u201d. A lo que respondi\u00f3, que en ese momento no ten\u00eda tarjeta verde, ni seguro. Por lo tanto, se hizo el acta correspondiente; una de infracci\u00f3n y otra de secuestro, ya que el rodado qued\u00f3 incautado\u201d.  <\/p>\n<p>  En tanto que afirm\u00f3: \u201cLo tom\u00f3 muy mal, pero como Director de Personal, \u00e9l deber\u00eda felicitarnos porque estamos haciendo cumplir las leyes\u201d. \u201cNos dijo que nos aplicar\u00eda sanciones por lo que est\u00e1bamos haciendo\u201d, sostuvo.  <\/p>\n<p>  Puntualmente la Exposici\u00f3n Civil a la que tuvimos acceso, expresa: <em>\u201cEn el d\u00eda de la fecha, realizando su tarea laboral efectivos de tr\u00e1nsito a la salida del establecimiento municipal, se hace presente el Sr. Augusto Ramos Director de Personal Municipal en el establecimiento, en una motocicleta Guerrero 5 CC sin chapa patente, sin documentaci\u00f3n, sin espejos, en estado deplorable. Por lo que los exponentes, cumpliendo con su tarea y responsabilidad, le incautaron la motocicleta N\u00b0 3058 y le elevan la multa de Infracci\u00f3n N\u00b0 3916. Por lo que el Sr. Ramos se neg\u00f3 a destrabar el ciclomotor dificultando su traslado al dep\u00f3sito municipal, y amenaz\u00e1ndolos con tomar las medidas a su alcance como represalias, ejerciendo abuso de autoridad. Por lo que en el momento de exponer se encuentran muy nerviosos y temerosos a causa de lo que pueda llegar a pasarles.<\/p>\n<p>&#8211; Que desean dejar constancia, que solicitar\u00e1n al Intendente que tome las medidas correspondientes en este caso.<\/p>\n<p>&#8211; Que realizan la presente exposici\u00f3n, dejando asentado lo sucedido, para ser utilizado ante cualquier eventualidad, y ser presentado ante quien corresponda.  <\/p>\n<p>  Siendo lo expuesto cuanto desea hacer constar en la presente, se da por finalizado el acto y previa e \u00edntegra lectura que ratifica en todo su contenido. Sin tener nada m\u00e1s que agregar, quitar o enmendar, firmado al pie de lo que certifico, doy fe\u201d.<\/em><\/p>\n<p><a href=\"https:\/\/eldiariodesanpedro.com.ar\/sitio\/wp-content\/uploads\/2017\/03\/La-Exposici\u00f3n-Civil-realizada-por-los-Inspectores.jpeg\"><img decoding=\"async\" data-attachment-id=\"16196\" data-permalink=\"https:\/\/eldiariodesanpedro.com.ar\/sitio\/inspectores-multaron-y-secuestraron-la-moto-del-jefe-de-personal\/la-exposicion-civil-realizada-por-los-inspectores\/\" data-orig-file=\"https:\/\/eldiariodesanpedro.com.ar\/sitio\/wp-content\/uploads\/2017\/03\/La-Exposici\u00f3n-Civil-realizada-por-los-Inspectores.jpeg\" data-orig-size=\"581,1032\" data-comments-opened=\"1\" data-image-meta=\"{&quot;aperture&quot;:&quot;0&quot;,&quot;credit&quot;:&quot;&quot;,&quot;camera&quot;:&quot;&quot;,&quot;caption&quot;:&quot;&quot;,&quot;created_timestamp&quot;:&quot;0&quot;,&quot;copyright&quot;:&quot;&quot;,&quot;focal_length&quot;:&quot;0&quot;,&quot;iso&quot;:&quot;0&quot;,&quot;shutter_speed&quot;:&quot;0&quot;,&quot;title&quot;:&quot;&quot;,&quot;orientation&quot;:&quot;0&quot;}\" data-image-title=\"La Exposici\u00f3n Civil realizada por los Inspectores\" data-image-description=\"\" data-image-caption=\"\" data-large-file=\"https:\/\/eldiariodesanpedro.com.ar\/sitio\/wp-content\/uploads\/2017\/03\/La-Exposici\u00f3n-Civil-realizada-por-los-Inspectores-576x1024.jpeg\" data-src=\"https:\/\/eldiariodesanpedro.com.ar\/sitio\/wp-content\/uploads\/2017\/03\/La-Exposici\u00f3n-Civil-realizada-por-los-Inspectores-169x300.jpeg\" alt=\"\" width=\"169\" height=\"300\" class=\"alignnone size-medium wp-image-16196 lazyload\" data-srcset=\"https:\/\/eldiariodesanpedro.com.ar\/sitio\/wp-content\/uploads\/2017\/03\/La-Exposici\u00f3n-Civil-realizada-por-los-Inspectores-169x300.jpeg 169w, https:\/\/eldiariodesanpedro.com.ar\/sitio\/wp-content\/uploads\/2017\/03\/La-Exposici\u00f3n-Civil-realizada-por-los-Inspectores-576x1024.jpeg 576w, https:\/\/eldiariodesanpedro.com.ar\/sitio\/wp-content\/uploads\/2017\/03\/La-Exposici\u00f3n-Civil-realizada-por-los-Inspectores.jpeg 581w\" data-sizes=\"(max-width: 169px) 100vw, 169px\" src=\"data:image\/svg+xml;base64,PHN2ZyB3aWR0aD0iMSIgaGVpZ2h0PSIxIiB4bWxucz0iaHR0cDovL3d3dy53My5vcmcvMjAwMC9zdmciPjwvc3ZnPg==\" style=\"--smush-placeholder-width: 169px; --smush-placeholder-aspect-ratio: 169\/300;\" \/><\/a><\/p>\n","protected":false},"excerpt":{"rendered":"<p>La situaci\u00f3n se gener\u00f3 el viernes por la ma\u00f1ana, cuando el funcionario lleg\u00f3 al edificio de Inspecci\u00f3n General en un ciclomotor que no estaba en muy buenas condiciones. Dos agentes municipales que se desempe\u00f1an en el \u00e1rea, le requirieron la documentaci\u00f3n que Augusto Ramos no ten\u00eda encima, por lo que le secuestraron el rodado. Seg\u00fan [&hellip;]<\/p>\n","protected":false},"author":4,"featured_media":16196,"comment_status":"open","ping_status":"closed","sticky":false,"template":"","format":"standard","meta":{"om_disable_all_campaigns":false,"_jetpack_memberships_contains_paid_content":false,"footnotes":""},"categories":[2,103],"tags":[],"class_list":["post-16195","post","type-post","status-publish","format-standard","has-post-thumbnail","hentry","category-locales","category-policiales-locales"],"aioseo_notices":[],"gutentor_comment":0,"jetpack_featured_media_url":"https:\/\/eldiariodesanpedro.com.ar\/sitio\/wp-content\/uploads\/2017\/03\/La-Exposici\u00f3n-Civil-realizada-por-los-Inspectores.jpeg","jetpack_shortlink":"https:\/\/wp.me\/p6RhLt-4dd","jetpack_sharing_enabled":true,"_links":{"self":[{"href":"https:\/\/eldiariodesanpedro.com.ar\/sitio\/wp-json\/wp\/v2\/posts\/16195","targetHints":{"allow":["GET"]}}],"collection":[{"href":"https:\/\/eldiariodesanpedro.com.ar\/sitio\/wp-json\/wp\/v2\/posts"}],"about":[{"href":"https:\/\/eldiariodesanpedro.com.ar\/sitio\/wp-json\/wp\/v2\/types\/post"}],"author":[{"embeddable":true,"href":"https:\/\/eldiariodesanpedro.com.ar\/sitio\/wp-json\/wp\/v2\/users\/4"}],"replies":[{"embeddable":true,"href":"https:\/\/eldiariodesanpedro.com.ar\/sitio\/wp-json\/wp\/v2\/comments?post=16195"}],"version-history":[{"count":1,"href":"https:\/\/eldiariodesanpedro.com.ar\/sitio\/wp-json\/wp\/v2\/posts\/16195\/revisions"}],"predecessor-version":[{"id":16197,"href":"https:\/\/eldiariodesanpedro.com.ar\/sitio\/wp-json\/wp\/v2\/posts\/16195\/revisions\/16197"}],"wp:featuredmedia":[{"embeddable":true,"href":"https:\/\/eldiariodesanpedro.com.ar\/sitio\/wp-json\/wp\/v2\/media\/16196"}],"wp:attachment":[{"href":"https:\/\/eldiariodesanpedro.com.ar\/sitio\/wp-json\/wp\/v2\/media?parent=16195"}],"wp:term":[{"taxonomy":"category","embeddable":true,"href":"https:\/\/eldiariodesanpedro.com.ar\/sitio\/wp-json\/wp\/v2\/categories?post=16195"},{"taxonomy":"post_tag","embeddable":true,"href":"https:\/\/eldiariodesanpedro.com.ar\/sitio\/wp-json\/wp\/v2\/tags?post=16195"}],"curies":[{"name":"wp","href":"https:\/\/api.w.org\/{rel}","templated":true}]}}