{"id":16192,"date":"2017-03-19T18:57:01","date_gmt":"2017-03-19T21:57:01","guid":{"rendered":"https:\/\/eldiariodesanpedro.com.ar\/sitio\/?p=16192"},"modified":"2017-03-19T18:57:01","modified_gmt":"2017-03-19T21:57:01","slug":"manana-comienza-el-paro-de-los-municipales-y-los-gremios-aseguran-que-no-acataran-la-conciliacion-obligatoria","status":"publish","type":"post","link":"https:\/\/eldiariodesanpedro.com.ar\/sitio\/manana-comienza-el-paro-de-los-municipales-y-los-gremios-aseguran-que-no-acataran-la-conciliacion-obligatoria\/","title":{"rendered":"Ma\u00f1ana comienza el paro de los municipales y los gremios aseguran que no acatar\u00e1n la conciliaci\u00f3n obligatoria"},"content":{"rendered":"<p><!-- VideographyWP Plugin Message: Automatic video embedding prevented by plugin options. --><br \/>\n  Luego de las asambleas realizadas el viernes por la tarde, los representantes gremiales se reunieron nuevamente con integrantes del Gabinete Municipal en la delegaci\u00f3n local del Ministerio de Trabajo, para comunicarles que la decisi\u00f3n de los trabajadores es reafirmar el paro pautado para este lunes y martes.  <\/p>\n<p>  Inmediatamente los funcionarios, pidieron que se dictara la conciliaci\u00f3n obligatoria para evitar la medida de fuerza. Sin embargo, consultando a los dirigentes de ambos gremios, sostuvieron que la medida no puede implementarse porque el paro a\u00fan no se hab\u00eda hecho efectivo. En tanto que coincidieron en que \u201cla rechazar\u00e1n\u201d.<\/p>\n<p>  Lo cierto es que se ha pautado un nuevo encuentro para el lunes a las 11 hs. en el edificio de 25 de mayo y D\u00e1vila, sede del organismo provincial.  <\/p>\n<p>  En tanto, a trav\u00e9s del programa \u201cFilosas\u201d, que se emite a trav\u00e9s de \u201cLa Radio &#8211; 92.3\u201d sostuvo: \u201cYo, les manifestaba ayer a los muchachos sindicalistas que no han podido manejar la Asamblea y eso es muy complicado, que un dirigente sindical diga eso, es complicado; porque si no, se imponen 8 o 10 personas, que son los que gritan\u201d.  <\/p>\n<p>  Adem\u00e1s, el Mandatario Comunal sostuvo que los responsables de esta situaci\u00f3n \u201cson los resabios que han quedado de la interna del PJ\u201d. Y, agreg\u00f3: \u201cLe vamos a dar un aumento igual, para que los trabajadores cobren; me comprometo a eso y les pido que cumplan con nosotros que les hemos cumplido siempre, pero fundamentalmente que cumplan con el contribuyente\u201d.   <\/p>\n","protected":false},"excerpt":{"rendered":"<p>Luego de las asambleas realizadas el viernes por la tarde, los representantes gremiales se reunieron nuevamente con integrantes del Gabinete Municipal en la delegaci\u00f3n local del Ministerio de Trabajo, para comunicarles que la decisi\u00f3n de los trabajadores es reafirmar el paro pautado para este lunes y martes. Inmediatamente los funcionarios, pidieron que se dictara la [&hellip;]<\/p>\n","protected":false},"author":4,"featured_media":16193,"comment_status":"open","ping_status":"closed","sticky":false,"template":"","format":"standard","meta":{"om_disable_all_campaigns":false,"_jetpack_memberships_contains_paid_content":false,"footnotes":""},"categories":[2,102],"tags":[],"class_list":["post-16192","post","type-post","status-publish","format-standard","has-post-thumbnail","hentry","category-locales","category-politica-locales"],"aioseo_notices":[],"gutentor_comment":0,"jetpack_featured_media_url":"https:\/\/eldiariodesanpedro.com.ar\/sitio\/wp-content\/uploads\/2017\/03\/paro-de-los-municipales.jpg","jetpack_shortlink":"https:\/\/wp.me\/p6RhLt-4da","jetpack_sharing_enabled":true,"_links":{"self":[{"href":"https:\/\/eldiariodesanpedro.com.ar\/sitio\/wp-json\/wp\/v2\/posts\/16192","targetHints":{"allow":["GET"]}}],"collection":[{"href":"https:\/\/eldiariodesanpedro.com.ar\/sitio\/wp-json\/wp\/v2\/posts"}],"about":[{"href":"https:\/\/eldiariodesanpedro.com.ar\/sitio\/wp-json\/wp\/v2\/types\/post"}],"author":[{"embeddable":true,"href":"https:\/\/eldiariodesanpedro.com.ar\/sitio\/wp-json\/wp\/v2\/users\/4"}],"replies":[{"embeddable":true,"href":"https:\/\/eldiariodesanpedro.com.ar\/sitio\/wp-json\/wp\/v2\/comments?post=16192"}],"version-history":[{"count":1,"href":"https:\/\/eldiariodesanpedro.com.ar\/sitio\/wp-json\/wp\/v2\/posts\/16192\/revisions"}],"predecessor-version":[{"id":16194,"href":"https:\/\/eldiariodesanpedro.com.ar\/sitio\/wp-json\/wp\/v2\/posts\/16192\/revisions\/16194"}],"wp:featuredmedia":[{"embeddable":true,"href":"https:\/\/eldiariodesanpedro.com.ar\/sitio\/wp-json\/wp\/v2\/media\/16193"}],"wp:attachment":[{"href":"https:\/\/eldiariodesanpedro.com.ar\/sitio\/wp-json\/wp\/v2\/media?parent=16192"}],"wp:term":[{"taxonomy":"category","embeddable":true,"href":"https:\/\/eldiariodesanpedro.com.ar\/sitio\/wp-json\/wp\/v2\/categories?post=16192"},{"taxonomy":"post_tag","embeddable":true,"href":"https:\/\/eldiariodesanpedro.com.ar\/sitio\/wp-json\/wp\/v2\/tags?post=16192"}],"curies":[{"name":"wp","href":"https:\/\/api.w.org\/{rel}","templated":true}]}}